{"id":262267,"date":"2025-07-14T14:06:17","date_gmt":"2025-07-14T12:06:17","guid":{"rendered":"https:\/\/www.cronacaonline.it\/?p=262267"},"modified":"2025-07-14T14:06:23","modified_gmt":"2025-07-14T12:06:23","slug":"pecorino-romano-dop-maoddi-dazi-usa-al-30-rallenteranno-le-vendite-e-mettono-a-rischio-la-tenuta-del-comparto-servono-misure-urgenti-a-sostegno-del-settore","status":"publish","type":"post","link":"https:\/\/www.cronacaonline.it\/index.php\/2025\/07\/14\/pecorino-romano-dop-maoddi-dazi-usa-al-30-rallenteranno-le-vendite-e-mettono-a-rischio-la-tenuta-del-comparto-servono-misure-urgenti-a-sostegno-del-settore\/","title":{"rendered":"Pecorino Romano Dop, Maoddi: \u201cDazi Usa al 30%? Rallenteranno le vendite e mettono a rischio la tenuta del comparto, servono misure urgenti a sostegno del settore."},"content":{"rendered":"\n<p>Macomer (Nu), 14 Lug 2025 - \u201cL\u2019annuncio dei nuovi dazi da parte dell\u2019amministrazione Trump sar\u00e0 probabilmente l\u2019ennesima notizia destinata a essere rivista o modificata nei prossimi mesi. Tuttavia, questo clima di incertezza non ci permette di lavorare con serenit\u00e0. Il dazio attuale al 10%, combinato con il cambio sfavorevole del dollaro, gi\u00e0 penalizza il nostro export. Con un aumento al 30%, \u00e8 inevitabile che le vendite subiscano un rallentamento, e questo ci preoccupa seriamente\u201d.<\/p>\n\n\n\n<p>La situazione del comparto - Cos\u00ec Gianni Maoddi, presidente del Consorzio di tutela del Pecorino Romano Dop, commenta l\u2019ipotesi di un inasprimento dei dazi annunciato dal presidente statunitense in una comunicazione indirizzata alla presidente della Commissione europea Ursula von der Leyen. \u201cLa nostra fortuna, al momento \u2013 prosegue Maoddi \u2013 \u00e8 che non abbiamo eccedenze produttive, che la produzione 2024 \u00e8 stata completamente venduta e che la nuova produzione del 2025 \u00e8 pronta per essere immessa sul mercato. Questo ci d\u00e0 un minimo di margine operativo, ma non pu\u00f2 bastare di fronte a un eventuale blocco o rallentamento consistente delle esportazioni verso uno dei mercati pi\u00f9 strategici per il nostro prodotto\u201d.<\/p>\n\n\n\n<p>Le proposte del Consorzio - Il presidente del Consorzio rilancia quindi una serie di proposte: \u201cServe mantenere la calma e non cedere alla tentazione di abbassare i prezzi, che danneggerebbe tutto il comparto. Occorre invece attivare tutti gli strumenti che la politica ha a disposizione: rilanciare il pegno rotativo e aiutare le aziende a sostenerne i costi, riproporre i bandi destinati agli indigenti per alleggerire i mercati interni, finanziare un ammasso straordinario per immettere il prodotto in maniera graduale sul mercato e, perch\u00e9 no, valutare il ripristino dei premi all\u2019esportazione che fino al 2004 hanno incentivato l\u2019apertura verso nuovi mercati esteri. Attraverso questo sistema si potrebbe compensare l\u2019effetto dei dazi\u201d.<\/p>\n\n\n\n<p>Appello alle istituzioni: servono interventi urgenti - Maoddi conclude con un appello alle istituzioni: \u201cLe aziende, soprattutto quelle pi\u00f9 vulnerabili sotto il profilo finanziario, non possono essere lasciate sole. Se il mercato americano dovesse davvero rallentare, molte realt\u00e0 rischierebbero seri problemi. Il Consorzio non star\u00e0 a guardare: stiamo gi\u00e0 portando avanti attivit\u00e0 di lobbying, sia negli Stati Uniti che presso le istituzioni europee, per far comprendere l\u2019unicit\u00e0 del Pecorino Romano Dop e l\u2019importanza di tutelare un prodotto simbolo del made in Italy agroalimentare\u201d. Com<\/p>\n","protected":false},"excerpt":{"rendered":"<p>Macomer (Nu), 14 Lug 2025 &#8211; \u201cL\u2019annuncio dei nuovi dazi da parte dell\u2019amministrazione Trump sar\u00e0 probabilmente l\u2019ennesima notizia destinata a essere rivista o modificata nei&#8230;<\/p>\n","protected":false},"author":2,"featured_media":201256,"comment_status":"closed","ping_status":"open","sticky":false,"template":"","format":"standard","meta":[],"categories":[49,53],"tags":[],"_links":{"self":[{"href":"https:\/\/www.cronacaonline.it\/index.php\/wp-json\/wp\/v2\/posts\/262267"}],"collection":[{"href":"https:\/\/www.cronacaonline.it\/index.php\/wp-json\/wp\/v2\/posts"}],"about":[{"href":"https:\/\/www.cronacaonline.it\/index.php\/wp-json\/wp\/v2\/types\/post"}],"author":[{"embeddable":true,"href":"https:\/\/www.cronacaonline.it\/index.php\/wp-json\/wp\/v2\/users\/2"}],"replies":[{"embeddable":true,"href":"https:\/\/www.cronacaonline.it\/index.php\/wp-json\/wp\/v2\/comments?post=262267"}],"version-history":[{"count":1,"href":"https:\/\/www.cronacaonline.it\/index.php\/wp-json\/wp\/v2\/posts\/262267\/revisions"}],"predecessor-version":[{"id":262268,"href":"https:\/\/www.cronacaonline.it\/index.php\/wp-json\/wp\/v2\/posts\/262267\/revisions\/262268"}],"wp:featuredmedia":[{"embeddable":true,"href":"https:\/\/www.cronacaonline.it\/index.php\/wp-json\/wp\/v2\/media\/201256"}],"wp:attachment":[{"href":"https:\/\/www.cronacaonline.it\/index.php\/wp-json\/wp\/v2\/media?parent=262267"}],"wp:term":[{"taxonomy":"category","embeddable":true,"href":"https:\/\/www.cronacaonline.it\/index.php\/wp-json\/wp\/v2\/categories?post=262267"},{"taxonomy":"post_tag","embeddable":true,"href":"https:\/\/www.cronacaonline.it\/index.php\/wp-json\/wp\/v2\/tags?post=262267"}],"curies":[{"name":"wp","href":"https:\/\/api.w.org\/{rel}","templated":true}]}}