{"id":262168,"date":"2025-07-11T11:13:19","date_gmt":"2025-07-11T09:13:19","guid":{"rendered":"https:\/\/www.cronacaonline.it\/?p=262168"},"modified":"2025-07-11T11:13:20","modified_gmt":"2025-07-11T09:13:20","slug":"conclusa-la-riqualificazione-del-parco-urbano-della-iv-regia-a-cagliari-il-pregiato-compendio-a-disposizione-della-comunita-con-spazi-per-lo-svago-e-la-cultura","status":"publish","type":"post","link":"https:\/\/www.cronacaonline.it\/index.php\/2025\/07\/11\/conclusa-la-riqualificazione-del-parco-urbano-della-iv-regia-a-cagliari-il-pregiato-compendio-a-disposizione-della-comunita-con-spazi-per-lo-svago-e-la-cultura\/","title":{"rendered":"Conclusa la riqualificazione del Parco urbano della IV Regia a Cagliari. Il pregiato compendio a disposizione della comunit\u00e0 con spazi per lo svago e la cultura."},"content":{"rendered":"\n<p>Cagliari, 11 Lug 2025 - Un\u2019altra porzione dall\u2019alto valore paesaggistico e storico del lungomare cagliaritano ritorna ufficialmente alla libera fruizione.<\/p>\n\n\n\n<p>Con una sobria cerimonia, questa mattina, il presidente dell\u2019AdSP del Mare di Sardegna, Massimo Deiana, ha inaugurato l\u2019appena riqualificato Parco urbano della IV Regia, in localit\u00e0 Sa Scafa, a Cagliari.<\/p>\n\n\n\n<p>Con un investimento di circa 1 milione e 600 mila euro \u00e8 stata realizzata una totale e delicata riqualificazione del complesso di 11 mila metri quadri risalente alla met\u00e0 del XIV sec. (Il nome Quarta Regia si riferisce, appunto, alla quarta parte del pescato che i pescatori lagunari versavano alle casse regie sotto forma di dazio fino al 1956) e utilizzato, fino a qualche anno fa, come luogo di rimessaggio di barche ed attrezzature per la pesca.<\/p>\n\n\n\n<p>I lavori, condotti sulle linee guida della metodologia progettuale della Design for All stabilita dalla convenzione Onu, hanno trasformato l\u2019intero compendio in un vero e proprio parco inclusivo, accessibile tutto l\u2019anno, con percorsi diversificati, illustrati con pannelli didattici ed informativi che raccontano la storia del plesso e dell\u2019habitat naturale circostante.<\/p>\n\n\n\n<p>Diversi gli ambiti attorno ai quali sono stati sviluppati gli interventi di restyling e conservazione: l\u2019Arena Torre Quarta Regia, l\u2019Arena Belvedere, le Aree Eventi, i percorsi e l\u2019area ingresso con i relativi corpi servizi.<\/p>\n\n\n\n<p>Il parco s\u2019integra perfettamente con la laguna attraverso tre piattaforme a portale, i miradouros, che, adagiandosi sugli scogli, creano un affaccio direttamente sull\u2019acqua con vista su tre lati: una verso i monti di Capoterra, l\u2019altro verso Castello e una sulle Torri di San Pacrazio e dell\u2019Elefante. Alle spalle del belvedere \u00e8 stata, infine, inserita un\u2019area eventi pavimentata ed attrezzata che consentir\u00e0 l\u2019installazione temporanea di gazebo e strutture rimovibili.<\/p>\n\n\n\n<p>L\u2019intero complesso, aperto ad eventi culturali e picnic, \u00e8 dotato di servizi, percorsi guidati ed \u00e8 accessibile, da via dei Calafati, attraverso una viabilit\u00e0, anch\u2019essa riqualificata e dotata di adeguata illuminazione ed impianti di videosorveglianza, che costeggia il canale interno. Lungo i margini stradali \u00e8 stata realizzata un\u2019area parcheggi schermata da piante di essenze autoctone - proprie dell\u2019ambiente lagunare e marino \u2013 che completano il \u201crestauro naturalistico\u201d della zona.<\/p>\n\n\n\n<p>\u201cLa profonda riqualificazione del complesso della IV Regia rappresenta il perfetto e virtuoso esempio di trasformazione e valorizzazione di aree di particolare pregio storico e culturale finalizzata alla piena e consapevole fruizione da parte della collettivit\u00e0 \u2013 spiega Massimo Deiana, Presidente dell\u2019AdSP del Mare di Sardegna \u2013. \u00c8 in fondo, lo spirito che, in questi otto anni, ha animato il pi\u00f9 ampio processo di rivitalizzazione e rilancio del lungomare cagliaritano che, oggi, raggiunge il suo apice con l\u2019apertura al pubblico di un parco di enorme pregio storico e naturalistico, che tanto avr\u00e0 da offrire per lo sviluppo delle future attivit\u00e0 culturali della citt\u00e0\u201d. Red<\/p>\n","protected":false},"excerpt":{"rendered":"<p>Cagliari, 11 Lug 2025 &#8211; Un\u2019altra porzione dall\u2019alto valore paesaggistico e storico del lungomare cagliaritano ritorna ufficialmente alla libera fruizione. Con una sobria cerimonia, questa&#8230;<\/p>\n","protected":false},"author":2,"featured_media":262169,"comment_status":"closed","ping_status":"open","sticky":false,"template":"","format":"standard","meta":[],"categories":[49,53],"tags":[],"_links":{"self":[{"href":"https:\/\/www.cronacaonline.it\/index.php\/wp-json\/wp\/v2\/posts\/262168"}],"collection":[{"href":"https:\/\/www.cronacaonline.it\/index.php\/wp-json\/wp\/v2\/posts"}],"about":[{"href":"https:\/\/www.cronacaonline.it\/index.php\/wp-json\/wp\/v2\/types\/post"}],"author":[{"embeddable":true,"href":"https:\/\/www.cronacaonline.it\/index.php\/wp-json\/wp\/v2\/users\/2"}],"replies":[{"embeddable":true,"href":"https:\/\/www.cronacaonline.it\/index.php\/wp-json\/wp\/v2\/comments?post=262168"}],"version-history":[{"count":1,"href":"https:\/\/www.cronacaonline.it\/index.php\/wp-json\/wp\/v2\/posts\/262168\/revisions"}],"predecessor-version":[{"id":262170,"href":"https:\/\/www.cronacaonline.it\/index.php\/wp-json\/wp\/v2\/posts\/262168\/revisions\/262170"}],"wp:featuredmedia":[{"embeddable":true,"href":"https:\/\/www.cronacaonline.it\/index.php\/wp-json\/wp\/v2\/media\/262169"}],"wp:attachment":[{"href":"https:\/\/www.cronacaonline.it\/index.php\/wp-json\/wp\/v2\/media?parent=262168"}],"wp:term":[{"taxonomy":"category","embeddable":true,"href":"https:\/\/www.cronacaonline.it\/index.php\/wp-json\/wp\/v2\/categories?post=262168"},{"taxonomy":"post_tag","embeddable":true,"href":"https:\/\/www.cronacaonline.it\/index.php\/wp-json\/wp\/v2\/tags?post=262168"}],"curies":[{"name":"wp","href":"https:\/\/api.w.org\/{rel}","templated":true}]}}