{"id":262036,"date":"2025-07-08T15:06:01","date_gmt":"2025-07-08T13:06:01","guid":{"rendered":"https:\/\/www.cronacaonline.it\/?p=262036"},"modified":"2025-07-08T15:06:03","modified_gmt":"2025-07-08T13:06:03","slug":"pierpaolo-marullo-nuovo-comandante-della-polizia-locale-a-cagliari-onorato-di-essere-qui","status":"publish","type":"post","link":"https:\/\/www.cronacaonline.it\/index.php\/2025\/07\/08\/pierpaolo-marullo-nuovo-comandante-della-polizia-locale-a-cagliari-onorato-di-essere-qui\/","title":{"rendered":"Pierpaolo Marullo, nuovo comandante della Polizia Locale a Cagliari: \u201cOnorato di essere qui\u201d."},"content":{"rendered":"\n<p>Cagliari, 8 Lug 2025 - Nato il primo maggio (\u201cHo imparato subito, appena arrivato a Cagliari, che qui questa data \u00e8 importantissima\u201d), tre lauree e un master, una lunghissima esperienza iniziata nel 1988 come agente di Polizia municipale, poi tutti gradini della carriera sino al primo Comando nel 2006 a Olbia e una serie di incarichi successivi, sempre da comandante, in diversi Comuni e Unioni di Comuni in Emilia-Romagna.<\/p>\n\n\n\n<p>Pierpaolo Marullo \u00e8 il nuovo comandante della Polizia locale in citt\u00e0: \u201cDal punto di vista professionale per me \u00e8 un incarico altamente prestigioso, Cagliari \u00e8 una citt\u00e0 metropolitana e sono molto onorato\u201d, dice a una settimana dall'entrata in servizio. Molto positivo il primo impatto: \u201cUna citt\u00e0 bella, accogliente, viva: ho visto tanto fermento, tante attivit\u00e0, tanto turismo. Cagliari \u00e8 meravigliosa, il mare \u00e8 una delle mie grandi passioni e questo serve anche dal punto di vista personale\u201d.<\/p>\n\n\n\n<p>Buono anche l'approccio con il Corpo della Polizia Locale: \u201cHo trovato un Comando strutturato\u201d, sottolinea, \u201cin cui si nota la presenza di alte professionalit\u00e0: naturalmente si pu\u00f2 sempre migliorare, con le esperienze che, se condivise, possono portare a ulteriori risultati\u201d.<\/p>\n\n\n\n<p>Con un messaggio alle cittadine e ai cittadini che abitano a Cagliari e a chi la vive tutti i giorni: \u201cDalla comunit\u00e0 mi aspetto collaborazione: la polizia sono i cittadini, i cittadini sono la polizia. Da soli noi non possiamo fare tanto, i cittadini anche: insieme invece si ha una grandissima potenzialit\u00e0 e si pu\u00f2 essere utili gli uni agli altri\u201d.<\/p>\n\n\n\n<p>Tra le prime idee, su cui ragionare con l'Amministrazione e il Corpo prima di tutto, lo studio di nuovi modi di comunicazione con cittadine e cittadini: segnalazioni, avvisi, aggiornamenti sulla situazione della viabilit\u00e0 in citt\u00e0. Modalit\u00e0 gi\u00e0 sperimentate nelle precedenti esperienze, nell'ottica della collaborazione di cui si \u00e8 detto prima: importantissima in una citt\u00e0 come Cagliari, che ha un ruolo fondamentale per tutta la regione. Com<\/p>\n","protected":false},"excerpt":{"rendered":"<p>Cagliari, 8 Lug 2025 &#8211; Nato il primo maggio (\u201cHo imparato subito, appena arrivato a Cagliari, che qui questa data \u00e8 importantissima\u201d), tre lauree e&#8230;<\/p>\n","protected":false},"author":2,"featured_media":262037,"comment_status":"closed","ping_status":"open","sticky":false,"template":"","format":"standard","meta":[],"categories":[49,53],"tags":[],"_links":{"self":[{"href":"https:\/\/www.cronacaonline.it\/index.php\/wp-json\/wp\/v2\/posts\/262036"}],"collection":[{"href":"https:\/\/www.cronacaonline.it\/index.php\/wp-json\/wp\/v2\/posts"}],"about":[{"href":"https:\/\/www.cronacaonline.it\/index.php\/wp-json\/wp\/v2\/types\/post"}],"author":[{"embeddable":true,"href":"https:\/\/www.cronacaonline.it\/index.php\/wp-json\/wp\/v2\/users\/2"}],"replies":[{"embeddable":true,"href":"https:\/\/www.cronacaonline.it\/index.php\/wp-json\/wp\/v2\/comments?post=262036"}],"version-history":[{"count":1,"href":"https:\/\/www.cronacaonline.it\/index.php\/wp-json\/wp\/v2\/posts\/262036\/revisions"}],"predecessor-version":[{"id":262038,"href":"https:\/\/www.cronacaonline.it\/index.php\/wp-json\/wp\/v2\/posts\/262036\/revisions\/262038"}],"wp:featuredmedia":[{"embeddable":true,"href":"https:\/\/www.cronacaonline.it\/index.php\/wp-json\/wp\/v2\/media\/262037"}],"wp:attachment":[{"href":"https:\/\/www.cronacaonline.it\/index.php\/wp-json\/wp\/v2\/media?parent=262036"}],"wp:term":[{"taxonomy":"category","embeddable":true,"href":"https:\/\/www.cronacaonline.it\/index.php\/wp-json\/wp\/v2\/categories?post=262036"},{"taxonomy":"post_tag","embeddable":true,"href":"https:\/\/www.cronacaonline.it\/index.php\/wp-json\/wp\/v2\/tags?post=262036"}],"curies":[{"name":"wp","href":"https:\/\/api.w.org\/{rel}","templated":true}]}}