{"id":261839,"date":"2025-07-03T12:02:09","date_gmt":"2025-07-03T10:02:09","guid":{"rendered":"https:\/\/www.cronacaonline.it\/?p=261839"},"modified":"2025-07-03T12:02:11","modified_gmt":"2025-07-03T10:02:11","slug":"policlinico-visita-istituzionale-del-generale-stefano-iasson-comandante-della-legione-carabinieri-sardegna-serra-onorato-dellattenzione-dellarma","status":"publish","type":"post","link":"https:\/\/www.cronacaonline.it\/index.php\/2025\/07\/03\/policlinico-visita-istituzionale-del-generale-stefano-iasson-comandante-della-legione-carabinieri-sardegna-serra-onorato-dellattenzione-dellarma\/","title":{"rendered":"Policlinico, visita istituzionale del generale Stefano Iasson, comandante della Legione Carabinieri Sardegna. Serra: onorato dell\u2019attenzione dell\u2019Arma."},"content":{"rendered":"\n<p>Cagliari 3 Lug 2025.\u00a0Il commissario straordinario dell\u2019Azienda ospedaliero-universitaria di Cagliari,\u00a0Vincenzo Serra,\u00a0ha incontrato questa mattina il generale Stefano Iasson, comandante della\u00a0Legione Carabinieri Sardegna, in visita istituzionale al Policlinico Duilio Casula. All\u2019incontro si \u00e8 unito anche il\u00a0Rettore dell\u2019Universit\u00e0 degli Studi di Cagliari,\u00a0Francesco Mola.<\/p>\n\n\n\n<p>\u00abSono molto&nbsp;onorato&nbsp;- ha detto Serra - per&nbsp;l'attenzione che il Comandante Iasson&nbsp;ha dimostrato con questa giornata.&nbsp;Esprimo i pi\u00f9 sentiti ringraziamenti&nbsp;miei e della nostra azienda all'Arma dei Carabinieri per la quotidiana rappresentazione dei valori di affidabilit\u00e0 e solidariet\u00e0, sia professionale che umana, al servizio alla nostra comunit\u00e0.&nbsp;Condivido con il Generale Iasson&nbsp;l'utilit\u00e0 delle relazioni tra istituzioni&nbsp;accomunate dalle finalit\u00e0 di garantire il massimo contributo al benessere della comunit\u00e0\u00bb.<\/p>\n","protected":false},"excerpt":{"rendered":"<p>Cagliari 3 Lug 2025.\u00a0Il commissario straordinario dell\u2019Azienda ospedaliero-universitaria di Cagliari,\u00a0Vincenzo Serra,\u00a0ha incontrato questa mattina il generale Stefano Iasson, comandante della\u00a0Legione Carabinieri Sardegna, in visita istituzionale&#8230;<\/p>\n","protected":false},"author":2,"featured_media":261841,"comment_status":"closed","ping_status":"open","sticky":false,"template":"","format":"standard","meta":[],"categories":[49,53],"tags":[],"_links":{"self":[{"href":"https:\/\/www.cronacaonline.it\/index.php\/wp-json\/wp\/v2\/posts\/261839"}],"collection":[{"href":"https:\/\/www.cronacaonline.it\/index.php\/wp-json\/wp\/v2\/posts"}],"about":[{"href":"https:\/\/www.cronacaonline.it\/index.php\/wp-json\/wp\/v2\/types\/post"}],"author":[{"embeddable":true,"href":"https:\/\/www.cronacaonline.it\/index.php\/wp-json\/wp\/v2\/users\/2"}],"replies":[{"embeddable":true,"href":"https:\/\/www.cronacaonline.it\/index.php\/wp-json\/wp\/v2\/comments?post=261839"}],"version-history":[{"count":1,"href":"https:\/\/www.cronacaonline.it\/index.php\/wp-json\/wp\/v2\/posts\/261839\/revisions"}],"predecessor-version":[{"id":261842,"href":"https:\/\/www.cronacaonline.it\/index.php\/wp-json\/wp\/v2\/posts\/261839\/revisions\/261842"}],"wp:featuredmedia":[{"embeddable":true,"href":"https:\/\/www.cronacaonline.it\/index.php\/wp-json\/wp\/v2\/media\/261841"}],"wp:attachment":[{"href":"https:\/\/www.cronacaonline.it\/index.php\/wp-json\/wp\/v2\/media?parent=261839"}],"wp:term":[{"taxonomy":"category","embeddable":true,"href":"https:\/\/www.cronacaonline.it\/index.php\/wp-json\/wp\/v2\/categories?post=261839"},{"taxonomy":"post_tag","embeddable":true,"href":"https:\/\/www.cronacaonline.it\/index.php\/wp-json\/wp\/v2\/tags?post=261839"}],"curies":[{"name":"wp","href":"https:\/\/api.w.org\/{rel}","templated":true}]}}