{"id":261715,"date":"2025-06-30T11:57:10","date_gmt":"2025-06-30T09:57:10","guid":{"rendered":"https:\/\/www.cronacaonline.it\/?p=261715"},"modified":"2025-06-30T11:57:12","modified_gmt":"2025-06-30T09:57:12","slug":"progetto-life-abilas-liberati-allalba-nel-parco-di-tepilora-sette-esemplari-di-aquila-di-bonelli-estinta-in-sardegna-alcuni-decenni-fa","status":"publish","type":"post","link":"https:\/\/www.cronacaonline.it\/index.php\/2025\/06\/30\/progetto-life-abilas-liberati-allalba-nel-parco-di-tepilora-sette-esemplari-di-aquila-di-bonelli-estinta-in-sardegna-alcuni-decenni-fa\/","title":{"rendered":"Progetto Life Abilas: liberati all\u2019alba nel parco di Tepilora sette esemplari di Aquila di Bonelli, estinta in Sardegna alcuni decenni fa.\u00a0"},"content":{"rendered":"\n<p>Cagliari, 30 Giu 2025 - Sono stati liberati all\u2019alba, nel Parco Regionale Naturale di Tepilora, sette esemplari di Aquila di Bonelli, estinta nell\u2019isola alcuni decenni fa. L\u2019appuntamento era stato rinviato di qualche giorno a causa di problemi tecnici.<\/p>\n\n\n\n<p>Il progetto, chiamato Life Abilas, vede la collaborazione dell\u2019Assessorato regionale della Difesa dell\u2019Ambiente, dell\u2019Agenzia Forestas (impegnata nella gestione delle aree forestali interessate dal progetto), dell\u2019Istituto Superiore per la Protezione e la Ricerca Ambientale (ISPRA), con il ruolo di coordinatore e capofila del progetto, di e-distribuzione S.p.A. (partner per la mitigazione del rischio lungo le linee elettriche), del Grupo de Rehabilitaci\u00f3n de la Fauna Aut\u00f3ctona y su H\u00e1bitat di Madrid (Grefa), con una consolidata esperienza internazionale nella reintroduzione dell\u2019Aquila di Bonelli, dell\u2019associazione Abbilarjos.&nbsp;<\/p>\n\n\n\n<p>\u201cLa reintroduzione in natura di questi magnifici esemplari rappresenta non solo un passo concreto verso la ricostituzione di una popolazione vitale dell\u2019Aquila di Bonelli in Sardegna, ma anche un\u2019opportunit\u00e0 per promuovere una riflessione pi\u00f9 ampia sull\u2019impatto delle attivit\u00e0 umane sugli ecosistemi\u201d, spiega l\u2019assessora della Difesa dell\u2019Ambiente Rosanna Laconi. \u201cIl progetto si inserisce nel solco di una strategia di tutela ambientale ispirata alla partecipazione attiva e consapevole dei portatori di interesse locali, secondo un approccio di governance inclusiva che sta caratterizzando il lavoro di questa Amministrazione\u201d.&nbsp;<\/p>\n\n\n\n<p>Si tratta di un\u2019occasione importante, non solo per conoscere da vicino un progetto di conservazione ambientale che mira alla tutela dell\u2019Aquila di Bonelli, ma anche per contribuire alle azioni concrete previste dal progetto e ad eventuali proposte che potranno riguardare le Zone di Protezione Speciale (ZPS) e l\u2019attualizzazione dei Formulari Standard dei Dati (SDF), con l\u2019obiettivo di includere le aree chiave per la specie all\u2019interno della rete Natura 2000. Il progetto, co-finanziato dall\u2019Unione Europea,&nbsp;si inserisce nel solco del precedente programma Life Aquila A-Life, proseguendo e potenziando gli obiettivi di conservazione e monitoraggio della rara specie rapace, estinta in Sardegna.&nbsp;<\/p>\n\n\n\n<p>L\u2019evento \u00e8 stato organizzato in collaborazione con il Parco di Tepilora. \u201cAccogliere le aquile di Bonelli, da diversi anni nella voliera di adattamento e rilascio del Parco di Tepilora per la reintroduzione in Sardegna, \u00e8 stato per noi un grande onore e motivo di orgoglio\u201d, ha detto la direttrice del Parco Marianna Mossa. \"La scelta del sito rappresenta un riconoscimento concreto dell\u2019alto valore ambientale del Parco e per questo ci auguriamo che la nostra area protetta continui a essere punto di riferimento dei programmi di reintroduzione anche di altre specie di rapaci e nella ricostituzione della biodiversit\u00e0 nei diversi territori dell\u2019Isola\u201d. Com<\/p>\n","protected":false},"excerpt":{"rendered":"<p>Cagliari, 30 Giu 2025 &#8211; Sono stati liberati all\u2019alba, nel Parco Regionale Naturale di Tepilora, sette esemplari di Aquila di Bonelli, estinta nell\u2019isola alcuni decenni&#8230;<\/p>\n","protected":false},"author":2,"featured_media":261716,"comment_status":"closed","ping_status":"open","sticky":false,"template":"","format":"standard","meta":[],"categories":[49,53],"tags":[],"_links":{"self":[{"href":"https:\/\/www.cronacaonline.it\/index.php\/wp-json\/wp\/v2\/posts\/261715"}],"collection":[{"href":"https:\/\/www.cronacaonline.it\/index.php\/wp-json\/wp\/v2\/posts"}],"about":[{"href":"https:\/\/www.cronacaonline.it\/index.php\/wp-json\/wp\/v2\/types\/post"}],"author":[{"embeddable":true,"href":"https:\/\/www.cronacaonline.it\/index.php\/wp-json\/wp\/v2\/users\/2"}],"replies":[{"embeddable":true,"href":"https:\/\/www.cronacaonline.it\/index.php\/wp-json\/wp\/v2\/comments?post=261715"}],"version-history":[{"count":1,"href":"https:\/\/www.cronacaonline.it\/index.php\/wp-json\/wp\/v2\/posts\/261715\/revisions"}],"predecessor-version":[{"id":261717,"href":"https:\/\/www.cronacaonline.it\/index.php\/wp-json\/wp\/v2\/posts\/261715\/revisions\/261717"}],"wp:featuredmedia":[{"embeddable":true,"href":"https:\/\/www.cronacaonline.it\/index.php\/wp-json\/wp\/v2\/media\/261716"}],"wp:attachment":[{"href":"https:\/\/www.cronacaonline.it\/index.php\/wp-json\/wp\/v2\/media?parent=261715"}],"wp:term":[{"taxonomy":"category","embeddable":true,"href":"https:\/\/www.cronacaonline.it\/index.php\/wp-json\/wp\/v2\/categories?post=261715"},{"taxonomy":"post_tag","embeddable":true,"href":"https:\/\/www.cronacaonline.it\/index.php\/wp-json\/wp\/v2\/tags?post=261715"}],"curies":[{"name":"wp","href":"https:\/\/api.w.org\/{rel}","templated":true}]}}