{"id":261297,"date":"2025-06-19T16:03:13","date_gmt":"2025-06-19T14:03:13","guid":{"rendered":"https:\/\/www.cronacaonline.it\/?p=261297"},"modified":"2025-06-19T16:03:16","modified_gmt":"2025-06-19T14:03:16","slug":"261297","status":"publish","type":"post","link":"https:\/\/www.cronacaonline.it\/index.php\/2025\/06\/19\/261297\/","title":{"rendered":"(title)"},"content":{"rendered":"\n<p>Esercito: Siglato il protocollo in favore degli atleti con disabilit\u00e0 intellettive.<\/p>\n\n\n\n<p>Cagliari, 19 Giu 2025 - Siglato a Cagliari, questa mattina, il protocollo d\u2019intesa che prevede attivit\u00e0 ricreativo\/educative, volte all\u2019integrazione e all'inclusione di persone con disabilit\u00e0 intellettive.<\/p>\n\n\n\n<p>L\u2019accordo \u00e8 stato finalizzato dal Generale di Brigata Stefano Scanu, Comandante del Comando Militare Esercito Sardegna e dalla Dott.ssa Stefania Rosas, Direttore Regionale dell\u2019A.S.D. Special Olympics Italia ETS.<\/p>\n\n\n\n<figure class=\"wp-block-image size-full is-resized\"><img loading=\"lazy\" src=\"https:\/\/www.cronacaonline.it\/wp-content\/uploads\/2025\/06\/Siglato-il-protocollo-in-favore-degli-atleti-con-disabilita-intellettive-2.jpg\" alt=\"\" class=\"wp-image-261299\" width=\"730\" height=\"487\" srcset=\"https:\/\/www.cronacaonline.it\/wp-content\/uploads\/2025\/06\/Siglato-il-protocollo-in-favore-degli-atleti-con-disabilita-intellettive-2.jpg 600w, https:\/\/www.cronacaonline.it\/wp-content\/uploads\/2025\/06\/Siglato-il-protocollo-in-favore-degli-atleti-con-disabilita-intellettive-2-300x200.jpg 300w\" sizes=\"(max-width: 730px) 100vw, 730px\" \/><\/figure>\n\n\n\n<p>Il protocollo d\u2019intesa, che sancisce la collaborazione per la realizzazione di un servizio di accoglienza gratuito a favore degli atleti dell\u2019ASD Special Olympics Italia Team Sardegna, di previsto svolgimento presso lo Stabilimento Balneare Militare \"Poetto\", prevede la possibilit\u00e0 di accesso senza oneri a carico dei partecipanti, degli atleti con disabilit\u00e0 intellettiva accompagnati, vigilati e assistiti da personale dell\u2019Associazione.<\/p>\n\n\n\n<p>\u201cL\u2019Esercito \u00e8 al servizio dei cittadini, in particolare di coloro che vivono situazioni di fragilit\u00e0 e difficolt\u00e0\u201d \u2013 ha dichiarato il Generale Scanu. \u201cL\u2019accordo siglato questa mattina permetter\u00e0 di accogliere gli atleti con disabilit\u00e0 intellettive all\u2019interno dello stabilimento balneare dell\u2019Esercito, offrendo loro l\u2019opportunit\u00e0 di trascorrere una giornata al mare in totale sicurezza. Si tratta di una sinergia significativa, che testimonia il forte legame di collaborazione tra Special Olympics Italia Team Sardegna e il Comando Militare Esercito Sardegna\u201d \u2013 ha concluso il Comandante.<\/p>\n\n\n\n<figure class=\"wp-block-image size-full is-resized\"><img loading=\"lazy\" src=\"https:\/\/www.cronacaonline.it\/wp-content\/uploads\/2025\/06\/Siglato-il-protocollo-in-favore-degli-atleti-con-disabilita-intellettive-3.jpg\" alt=\"\" class=\"wp-image-261298\" width=\"732\" height=\"488\" srcset=\"https:\/\/www.cronacaonline.it\/wp-content\/uploads\/2025\/06\/Siglato-il-protocollo-in-favore-degli-atleti-con-disabilita-intellettive-3.jpg 600w, https:\/\/www.cronacaonline.it\/wp-content\/uploads\/2025\/06\/Siglato-il-protocollo-in-favore-degli-atleti-con-disabilita-intellettive-3-300x200.jpg 300w\" sizes=\"(max-width: 732px) 100vw, 732px\" \/><\/figure>\n\n\n\n<p>La Dott.ssa Stefania Rosas, Direttore Regionale dell\u2019A.S.D. Special Olympics Italia Ets: \u201cDesidero esprimere un sentito ringraziamento al Comando Militare Esercito Sardegna per questa significativa collaborazione, che si rinnova negli anni e testimonia quanto lavorare in sinergia rappresenti un passo concreto verso una societ\u00e0 sempre pi\u00f9 attenta, inclusiva e capace di rispondere con responsabilit\u00e0 ai bisogni delle persone con disabilit\u00e0 intellettiva\u201d. Com<\/p>\n","protected":false},"excerpt":{"rendered":"<p>Esercito: Siglato il protocollo in favore degli atleti con disabilit\u00e0 intellettive. Cagliari, 19 Giu 2025 &#8211; Siglato a Cagliari, questa mattina, il protocollo d\u2019intesa che&#8230;<\/p>\n","protected":false},"author":2,"featured_media":261300,"comment_status":"closed","ping_status":"open","sticky":false,"template":"","format":"standard","meta":[],"categories":[49,53],"tags":[],"_links":{"self":[{"href":"https:\/\/www.cronacaonline.it\/index.php\/wp-json\/wp\/v2\/posts\/261297"}],"collection":[{"href":"https:\/\/www.cronacaonline.it\/index.php\/wp-json\/wp\/v2\/posts"}],"about":[{"href":"https:\/\/www.cronacaonline.it\/index.php\/wp-json\/wp\/v2\/types\/post"}],"author":[{"embeddable":true,"href":"https:\/\/www.cronacaonline.it\/index.php\/wp-json\/wp\/v2\/users\/2"}],"replies":[{"embeddable":true,"href":"https:\/\/www.cronacaonline.it\/index.php\/wp-json\/wp\/v2\/comments?post=261297"}],"version-history":[{"count":1,"href":"https:\/\/www.cronacaonline.it\/index.php\/wp-json\/wp\/v2\/posts\/261297\/revisions"}],"predecessor-version":[{"id":261301,"href":"https:\/\/www.cronacaonline.it\/index.php\/wp-json\/wp\/v2\/posts\/261297\/revisions\/261301"}],"wp:featuredmedia":[{"embeddable":true,"href":"https:\/\/www.cronacaonline.it\/index.php\/wp-json\/wp\/v2\/media\/261300"}],"wp:attachment":[{"href":"https:\/\/www.cronacaonline.it\/index.php\/wp-json\/wp\/v2\/media?parent=261297"}],"wp:term":[{"taxonomy":"category","embeddable":true,"href":"https:\/\/www.cronacaonline.it\/index.php\/wp-json\/wp\/v2\/categories?post=261297"},{"taxonomy":"post_tag","embeddable":true,"href":"https:\/\/www.cronacaonline.it\/index.php\/wp-json\/wp\/v2\/tags?post=261297"}],"curies":[{"name":"wp","href":"https:\/\/api.w.org\/{rel}","templated":true}]}}