{"id":261133,"date":"2025-06-15T15:46:55","date_gmt":"2025-06-15T13:46:55","guid":{"rendered":"https:\/\/www.cronacaonline.it\/?p=261133"},"modified":"2025-06-15T15:47:00","modified_gmt":"2025-06-15T13:47:00","slug":"caldo-in-sardegna-prosegue-sino-alla-serata-di-domani-lunedi-16-giugno-2025-lallerta-per-temperature-elevate","status":"publish","type":"post","link":"https:\/\/www.cronacaonline.it\/index.php\/2025\/06\/15\/caldo-in-sardegna-prosegue-sino-alla-serata-di-domani-lunedi-16-giugno-2025-lallerta-per-temperature-elevate\/","title":{"rendered":"Caldo in Sardegna &#8211; Prosegue sino alla serata di domani, luned\u00ec 16 giugno 2025, l\u2019allerta per temperature elevate."},"content":{"rendered":"\n<p>Cagliari, 15 Giu 2025 - A partire da questa sera, domenica 15 giugno, (ore 18) e sino alla serata di domani, luned\u00ec 16 giugno 2025, nel settore orientale e in quello meridionale della Sardegna sono previste temperature massime elevate e localmente molto elevate.<\/p>\n\n\n\n<p>In particolare, nella giornata di domani una saccatura atlantica favorir\u00e0 una ventilazione da ovest nord ovest sull\u2019Isola. Questa circolazione convoglier\u00e0 aria pi\u00f9 fresca nelle zone esposte ma, nel contempo, favorir\u00e0 un aumento delle temperature massime nei settori orientale e meridionale.<\/p>\n\n\n\n<p>L'avviso di condizioni meteo avverse per alte temperature della Protezione civile regionale e le misure di autoprotezione in caso di ondate di calore sono consultabili cliccando sui link pi\u00f9 sotto indicati.<\/p>\n","protected":false},"excerpt":{"rendered":"<p>Cagliari, 15 Giu 2025 &#8211; A partire da questa sera, domenica 15 giugno, (ore 18) e sino alla serata di domani, luned\u00ec 16 giugno 2025,&#8230;<\/p>\n","protected":false},"author":2,"featured_media":238256,"comment_status":"closed","ping_status":"open","sticky":false,"template":"","format":"standard","meta":[],"categories":[49,53],"tags":[],"_links":{"self":[{"href":"https:\/\/www.cronacaonline.it\/index.php\/wp-json\/wp\/v2\/posts\/261133"}],"collection":[{"href":"https:\/\/www.cronacaonline.it\/index.php\/wp-json\/wp\/v2\/posts"}],"about":[{"href":"https:\/\/www.cronacaonline.it\/index.php\/wp-json\/wp\/v2\/types\/post"}],"author":[{"embeddable":true,"href":"https:\/\/www.cronacaonline.it\/index.php\/wp-json\/wp\/v2\/users\/2"}],"replies":[{"embeddable":true,"href":"https:\/\/www.cronacaonline.it\/index.php\/wp-json\/wp\/v2\/comments?post=261133"}],"version-history":[{"count":1,"href":"https:\/\/www.cronacaonline.it\/index.php\/wp-json\/wp\/v2\/posts\/261133\/revisions"}],"predecessor-version":[{"id":261134,"href":"https:\/\/www.cronacaonline.it\/index.php\/wp-json\/wp\/v2\/posts\/261133\/revisions\/261134"}],"wp:featuredmedia":[{"embeddable":true,"href":"https:\/\/www.cronacaonline.it\/index.php\/wp-json\/wp\/v2\/media\/238256"}],"wp:attachment":[{"href":"https:\/\/www.cronacaonline.it\/index.php\/wp-json\/wp\/v2\/media?parent=261133"}],"wp:term":[{"taxonomy":"category","embeddable":true,"href":"https:\/\/www.cronacaonline.it\/index.php\/wp-json\/wp\/v2\/categories?post=261133"},{"taxonomy":"post_tag","embeddable":true,"href":"https:\/\/www.cronacaonline.it\/index.php\/wp-json\/wp\/v2\/tags?post=261133"}],"curies":[{"name":"wp","href":"https:\/\/api.w.org\/{rel}","templated":true}]}}