{"id":261070,"date":"2025-06-13T11:26:05","date_gmt":"2025-06-13T09:26:05","guid":{"rendered":"https:\/\/www.cronacaonline.it\/?p=261070"},"modified":"2025-06-13T11:26:07","modified_gmt":"2025-06-13T09:26:07","slug":"protezione-civile-domani-riprendono-i-gemellaggi-di-antincendio-boschivo","status":"publish","type":"post","link":"https:\/\/www.cronacaonline.it\/index.php\/2025\/06\/13\/protezione-civile-domani-riprendono-i-gemellaggi-di-antincendio-boschivo\/","title":{"rendered":"Protezione Civile: domani riprendono i gemellaggi di antincendio boschivo. \u00a0"},"content":{"rendered":"\n<p>Cagliari, 13 Giu 2025 - Domani, a Sant\u2019Andrea Frius, prende il via il progetto \u201cGemellaggi Antincendio Boschivo\u201d edizione 2025, promosso e coordinato dal Dipartimento della Protezione Civile regionale in collaborazione con le Regioni e le Organizzazioni di Volontariato. L\u2019obiettivo \u00e8 quello di rafforzare le strutture operative destinate alle attivit\u00e0 di vigilanza e lotta attiva agli incendi boschivi.<\/p>\n\n\n\n<p>\u201cI Gemellaggi AIB, oltre a rappresentare una grande dimostrazione di solidariet\u00e0 da parte delle Regioni meno colpite dagli incendi boschivi durante la stagione estiva, sono un\u2019importante occasione sia di confronto e scambio di buone pratiche. Rappresentano anche un\u2019opportunit\u00e0 di crescita professionale e personale tra tutti i partecipanti. Lo dimostra il fatto che molti volontari hanno scelto di tornare in Sardegna anche quest\u2019anno\u201d. Lo dichiara l\u2019assessora della Difesa dell\u2019ambiente, Rosanna Laconi, che domani presenter\u00e0 il progetto insieme al Direttore Generale della protezione civile, Mauro Merella in occasione della giornata di debriefing Campagna AIB 2024 e briefing Campagna AIB 2025 che si terr\u00e0 domenica 15 giugno ad Abbasanta.&nbsp;<\/p>\n\n\n\n<p>La Regione Sardegna, ormai alla terza edizione dopo il riavvio del progetto del 2023, questa estate ospiter\u00e0 oltre 200 volontari specializzati nell\u2019Antincendio Boschivo provenienti da Lombardia e Friuli-Venezia Giulia.&nbsp;<\/p>\n\n\n\n<p>Saranno 15 i Campi Base attivi per questa edizione, dislocati in tutta la Sardegna, di modo che i volontari gemellati con quelli della Regione possano essere di supporto a Corpo Forestale di Vigilanza Ambientale, Forestas e Compagnie Barracellari nel coprire i territori pi\u00f9 critici durante la parte pi\u00f9 intensa della Campagna AIB.<\/p>\n\n\n\n<p>&nbsp;Oltre a quello di Sant\u2019Andrea Frius, che sar\u00e0 attivo dal 14 giugno al 17 agosto a cura dell\u2019Organizzazione di Volontariato S.A.F, gli altri Campi Base sono previsti a: Senorb\u00ec \u2013 dal 15 al 30 giugno \u2013 a cura di Sant\u2019Isidoro O.d.V. Sinnai \u2013 dal 15 al 22 giugno \u2013 a cura di VAB Sinnai Sarda Ambiente; Sinnai \u2013 dal 15 giugno al 23 agosto \u2013 a cura di<a href=\"http:\/\/ma.si.se\/\" target=\"_blank\" rel=\"noreferrer noopener\">&nbsp;Ma.Si.Se<\/a>. Bonorva \u2013 dal 21 al 28 giugno \u2013 a cura di Elighe; Santa Teresa di Gallura \u2013 dal 29 giugno al 5 luglio \u2013 a cura di Santu Pascali; Santu Lussurgiu \u2013 dal 12 al 19 luglio \u2013 a cura di Protezione Civile Santu Lussurgiu O.d.V; anta Teresa di Gallura \u2013 dal 13 al 27 luglio \u2013 a cura di Confraternita Misericordia S.T.G; Tempio Pausania \u2013 dal 26 luglio al 16 agosto \u2013 a cura di A.V.P.C. Alta Gallura; &nbsp;Assemini \u2013 dal 2 al 9 agosto \u2013 a cura di Nucleo Operativo Orsa Assemini O.d.V; Isili \u2013 dal 2 al 9 agosto \u2013 a cura di Protezione Civile Sarcidano Isili; Villaputzu \u2013 dal 3 al 9 agosto \u2013 a cura di A.V.O.C.C. Villaputzu; Golfo Aranci \u2013 dal 3 al 9 agosto \u2013 a cura di Gruppo Protezione Civile Monte Ruju; Villacidro \u2013 dal 4 al 17 agosto \u2013 a cura di A.V.S.A.V. Villacidro e Bauladu \u2013 dal 23 al 31 agosto \u2013 a cura di Oristano Soccorso.<\/p>\n\n\n\n<p>La principale novit\u00e0 di quest\u2019anno \u00e8 che il territorio presidiato con il supporto dei volontari lombardi e friulani \u00e8 pi\u00f9 ampio rispetto a quello dell\u2019anno scorso, non solo in termini di spazio ma anche di tempo, si parte infatti il 14 giugno e si chiude il 31 agosto. Com<\/p>\n","protected":false},"excerpt":{"rendered":"<p>Cagliari, 13 Giu 2025 &#8211; Domani, a Sant\u2019Andrea Frius, prende il via il progetto \u201cGemellaggi Antincendio Boschivo\u201d edizione 2025, promosso e coordinato dal Dipartimento della&#8230;<\/p>\n","protected":false},"author":2,"featured_media":250310,"comment_status":"closed","ping_status":"open","sticky":false,"template":"","format":"standard","meta":[],"categories":[49,53],"tags":[],"_links":{"self":[{"href":"https:\/\/www.cronacaonline.it\/index.php\/wp-json\/wp\/v2\/posts\/261070"}],"collection":[{"href":"https:\/\/www.cronacaonline.it\/index.php\/wp-json\/wp\/v2\/posts"}],"about":[{"href":"https:\/\/www.cronacaonline.it\/index.php\/wp-json\/wp\/v2\/types\/post"}],"author":[{"embeddable":true,"href":"https:\/\/www.cronacaonline.it\/index.php\/wp-json\/wp\/v2\/users\/2"}],"replies":[{"embeddable":true,"href":"https:\/\/www.cronacaonline.it\/index.php\/wp-json\/wp\/v2\/comments?post=261070"}],"version-history":[{"count":1,"href":"https:\/\/www.cronacaonline.it\/index.php\/wp-json\/wp\/v2\/posts\/261070\/revisions"}],"predecessor-version":[{"id":261071,"href":"https:\/\/www.cronacaonline.it\/index.php\/wp-json\/wp\/v2\/posts\/261070\/revisions\/261071"}],"wp:featuredmedia":[{"embeddable":true,"href":"https:\/\/www.cronacaonline.it\/index.php\/wp-json\/wp\/v2\/media\/250310"}],"wp:attachment":[{"href":"https:\/\/www.cronacaonline.it\/index.php\/wp-json\/wp\/v2\/media?parent=261070"}],"wp:term":[{"taxonomy":"category","embeddable":true,"href":"https:\/\/www.cronacaonline.it\/index.php\/wp-json\/wp\/v2\/categories?post=261070"},{"taxonomy":"post_tag","embeddable":true,"href":"https:\/\/www.cronacaonline.it\/index.php\/wp-json\/wp\/v2\/tags?post=261070"}],"curies":[{"name":"wp","href":"https:\/\/api.w.org\/{rel}","templated":true}]}}