{"id":261015,"date":"2025-06-12T11:43:46","date_gmt":"2025-06-12T09:43:46","guid":{"rendered":"https:\/\/www.cronacaonline.it\/?p=261015"},"modified":"2025-06-12T11:43:48","modified_gmt":"2025-06-12T09:43:48","slug":"encefalopatia-arriva-il-supporto-ai-caregivers-allaou-di-cagliari-un-progetto-per-prevenire-e-combattere-le-complicanze-della-cirrosi-epatica","status":"publish","type":"post","link":"https:\/\/www.cronacaonline.it\/index.php\/2025\/06\/12\/encefalopatia-arriva-il-supporto-ai-caregivers-allaou-di-cagliari-un-progetto-per-prevenire-e-combattere-le-complicanze-della-cirrosi-epatica\/","title":{"rendered":"Encefalopatia, arriva il supporto ai caregivers. All\u2019Aou di Cagliari un progetto per prevenire e combattere le complicanze della cirrosi epatica."},"content":{"rendered":"\n<p>Cagliari 12 Giu 2025.\u00a0L\u2019encefalopatia\u00a0\u00e8 un\u2019importante complicanza della cirrosi epatica. Il\u00a0ruolo dei caregivers\u00a0nella gestione dei pazienti\u00a0\u00e8 cruciale. Per questo gli\u00a0epatologi\u00a0della\u00a0struttura semplice di Malattie del Fegato del Policlinico Duilio Casula\u00a0hanno dato vita al\u00a0progetto\u00a0per istruire e aiutare i\u00a0caregivers\u00a0nel\u00a0prevenire\u00a0gli episodi di encefalopatia avanzata e per\u00a0intervenire in modo tempestivo\u00a0in caso di manifestazioni gravi.Grazie ad una corretta gestione, spiega il\u00a0professor Luchino Chessa, direttore di Malattie del Fegato \u00abmolti pazienti possono\u00a0migliorare e mantenere una buona qualit\u00e0 di vita\u00bb.<\/p>\n\n\n\n<p>L\u2019encefalopatia, spiega il professor Chessa, \u00ab\u00e8 una delle&nbsp;complicanze maggiori&nbsp;che colpiscono i&nbsp;pazienti con cirrosi epatica&nbsp;ed \u00e8 caratterizzata da&nbsp;alterazioni dello stato neuro-psichico. Nelle fasi iniziali - prosegue l\u2019epatologo - possono essere presenti alterazione del ritmo sonno veglia, disturbi dell\u2019attenzione, irritabilit\u00e0, alterazione della personalit\u00e0, ma nelle fasi pi\u00f9 avanzate della malattia epatica i pazienti possono manifestare disorientamento spazio-temporale, comportamento inappropriato, confusione e coma\u00bb.<\/p>\n\n\n\n<p>Il progetto parte&nbsp;venerd\u00ec 13 giugno al Policlinico Duilio Casula&nbsp;e sar\u00e0 composto da un&nbsp;ciclo di incontri con i caregivers dei pazienti seguiti dagli epatologi dell\u2019Aou di Cagliari. Com<\/p>\n","protected":false},"excerpt":{"rendered":"<p>Cagliari 12 Giu 2025.\u00a0L\u2019encefalopatia\u00a0\u00e8 un\u2019importante complicanza della cirrosi epatica. Il\u00a0ruolo dei caregivers\u00a0nella gestione dei pazienti\u00a0\u00e8 cruciale. Per questo gli\u00a0epatologi\u00a0della\u00a0struttura semplice di Malattie del Fegato del&#8230;<\/p>\n","protected":false},"author":2,"featured_media":261016,"comment_status":"closed","ping_status":"open","sticky":false,"template":"","format":"standard","meta":[],"categories":[49,53],"tags":[],"_links":{"self":[{"href":"https:\/\/www.cronacaonline.it\/index.php\/wp-json\/wp\/v2\/posts\/261015"}],"collection":[{"href":"https:\/\/www.cronacaonline.it\/index.php\/wp-json\/wp\/v2\/posts"}],"about":[{"href":"https:\/\/www.cronacaonline.it\/index.php\/wp-json\/wp\/v2\/types\/post"}],"author":[{"embeddable":true,"href":"https:\/\/www.cronacaonline.it\/index.php\/wp-json\/wp\/v2\/users\/2"}],"replies":[{"embeddable":true,"href":"https:\/\/www.cronacaonline.it\/index.php\/wp-json\/wp\/v2\/comments?post=261015"}],"version-history":[{"count":1,"href":"https:\/\/www.cronacaonline.it\/index.php\/wp-json\/wp\/v2\/posts\/261015\/revisions"}],"predecessor-version":[{"id":261017,"href":"https:\/\/www.cronacaonline.it\/index.php\/wp-json\/wp\/v2\/posts\/261015\/revisions\/261017"}],"wp:featuredmedia":[{"embeddable":true,"href":"https:\/\/www.cronacaonline.it\/index.php\/wp-json\/wp\/v2\/media\/261016"}],"wp:attachment":[{"href":"https:\/\/www.cronacaonline.it\/index.php\/wp-json\/wp\/v2\/media?parent=261015"}],"wp:term":[{"taxonomy":"category","embeddable":true,"href":"https:\/\/www.cronacaonline.it\/index.php\/wp-json\/wp\/v2\/categories?post=261015"},{"taxonomy":"post_tag","embeddable":true,"href":"https:\/\/www.cronacaonline.it\/index.php\/wp-json\/wp\/v2\/tags?post=261015"}],"curies":[{"name":"wp","href":"https:\/\/api.w.org\/{rel}","templated":true}]}}