{"id":260892,"date":"2025-06-09T11:41:03","date_gmt":"2025-06-09T09:41:03","guid":{"rendered":"https:\/\/www.cronacaonline.it\/?p=260892"},"modified":"2025-06-09T11:41:05","modified_gmt":"2025-06-09T09:41:05","slug":"easyjet-aggiorna-le-rotte-per-linverno-2025-2026-oltre-7-milioni-di-posti-da-e-per-litalia-capacita-in-crescita-del-10-rispetto-allanno-precedente-potenziati-ulteriorment","status":"publish","type":"post","link":"https:\/\/www.cronacaonline.it\/index.php\/2025\/06\/09\/easyjet-aggiorna-le-rotte-per-linverno-2025-2026-oltre-7-milioni-di-posti-da-e-per-litalia-capacita-in-crescita-del-10-rispetto-allanno-precedente-potenziati-ulteriorment\/","title":{"rendered":"EasyJet aggiorna le rotte per l\u2019inverno 2025-2026: oltre 7 milioni di posti da e per l\u2019Italia. Capacit\u00e0 in crescita del 10% rispetto all\u2019anno precedente. Potenziati ulteriormente i collegamenti con Egitto e Francia."},"content":{"rendered":"\n<p>Cagliari, 9 Giu 2025 - EasyJet amplia la propria offerta per la stagione invernale 2025\/2026, confermando cos\u00ec il forte impegno sul mercato italiano con oltre 7 milioni di posti disponibili da e per l\u2019Italia, in aumento del 10% rispetto all\u2019anno precedente. \u00a0<\/p>\n\n\n\n<p>Dagli aeroporti italiani, i passeggeri potranno scegliere tra un\u2019ampia gamma di destinazioni ideali per fughe al sole, vacanze invernali, city break culturali o avventure nella natura, con collegamenti strategici in tutto il network europeo e mediterraneo. Tra le rotte pi\u00f9 ambite, l\u2019Egitto, con oltre 200.000 posti offerti verso Sharm el-Sheikh, e la Francia, con Parigi che si conferma il primo collegamento con oltre 1.2 milioni di posti offerti complessivamente dall\u2019Italia.<\/p>\n\n\n\n<p>Oltre 3 milioni di posti da Milano Malpensa<\/p>\n\n\n\n<p>Da Milano Malpensa easyJet offrir\u00e0 pi\u00f9 di 3 milioni di posti per la stagione invernale, confermando le rotte gi\u00e0 introdotte nell\u2019estate 2025 verso Tbilisi, Parigi Orly, Amburgo e D\u00fcsseldorf, e operando per la prima volta la rotta per Bilbao durante l\u2019inverno.<\/p>\n\n\n\n<p>In forte crescita la rotta Malpensa \u2013 Sharm el-Sheikh, che raggiunge oltre 120.000 posti (+40%), affermandosi come il collegamento pi\u00f9 importante dell\u2019intero network easyJet verso l\u2019Egitto.<\/p>\n\n\n\n<p>Crescono anche le frequenze su destinazioni molto amate come Londra (Gatwick), Marrakech, Malaga, e Siviglia, rotta inaugurata proprio lo scorso aprile. Chi vuole assistere all\u2019aurora boreale potr\u00e0 invece visitare Reykjavik, con collegamento operato tutti i giorni anche in inverno.<\/p>\n\n\n\n<p>Oltre Gatwick, le rotte principali per capacit\u00e0 saranno Parigi, Catania e Barcellona. Per Parigi, in particolare, Malpensa e Linate offriranno complessivamente oltre 600.000 posti con collegamenti da e per Orly e Charles de Gaulle.<\/p>\n\n\n\n<p>Napoli: crescita a doppia cifra e consolidamento delle rotte<\/p>\n\n\n\n<p>Anche Napoli registra un\u2019espansione significativa, con un incremento della capacit\u00e0 del 19% rispetto all\u2019inverno precedente. I collegamenti con l\u2019Egitto superano i 100.000 posti, con un\u2019attenzione particolare per la rotta verso Sharm el-Sheikh, che aumenta del 50%, raggiungendo oltre 80.000 posti.<\/p>\n\n\n\n<p>Rafforzata anche la presenza sulla Francia, con oltre 200.000 posti verso Parigi. Continuano ad essere operate durante l\u2019inverno le rotte per Strasburgo e Manchester, mentre Amsterdam segner\u00e0 un aumento del 40%. Crescono anche i voli da e per la Sicilia, con +18% su Palermo e +11% su Catania.<\/p>\n\n\n\n<p>Roma Fiumicino e Linate: crescita sostenuta per le due nuove basi italiane<\/p>\n\n\n\n<p>A seguito dell\u2019inaugurazione della nuova base a Roma Fiumicino, con tre aeromobili dedicati, easyJet aumenta la capacit\u00e0 del 38% rispetto allo scorso inverno. La Francia \u00e8 ancora una volta la destinazione principale, con oltre 400.000 posti, di cui 157.000 sulla rotta Roma\u2013Orly (+10%).<\/p>\n\n\n\n<p>Milano Linate, con 5 aeromobili basati, registra la crescita pi\u00f9 marcata: +135% rispetto all\u2019anno scorso. Anche qui, il traffico maggiore \u00e8 diretto verso la Francia, con oltre 250.000 posti disponibili.<\/p>\n\n\n\n<p>Tra le altre novit\u00e0 del network italiano, easyJet ha inoltre annunciato l\u2019estensione della rotta Basilea\u2013Cagliari, che per la prima volta sar\u00e0 operata durante tutta la stagione invernale. Com<\/p>\n","protected":false},"excerpt":{"rendered":"<p>Cagliari, 9 Giu 2025 &#8211; EasyJet amplia la propria offerta per la stagione invernale 2025\/2026, confermando cos\u00ec il forte impegno sul mercato italiano con oltre&#8230;<\/p>\n","protected":false},"author":2,"featured_media":260893,"comment_status":"closed","ping_status":"open","sticky":false,"template":"","format":"standard","meta":[],"categories":[49,53],"tags":[],"_links":{"self":[{"href":"https:\/\/www.cronacaonline.it\/index.php\/wp-json\/wp\/v2\/posts\/260892"}],"collection":[{"href":"https:\/\/www.cronacaonline.it\/index.php\/wp-json\/wp\/v2\/posts"}],"about":[{"href":"https:\/\/www.cronacaonline.it\/index.php\/wp-json\/wp\/v2\/types\/post"}],"author":[{"embeddable":true,"href":"https:\/\/www.cronacaonline.it\/index.php\/wp-json\/wp\/v2\/users\/2"}],"replies":[{"embeddable":true,"href":"https:\/\/www.cronacaonline.it\/index.php\/wp-json\/wp\/v2\/comments?post=260892"}],"version-history":[{"count":1,"href":"https:\/\/www.cronacaonline.it\/index.php\/wp-json\/wp\/v2\/posts\/260892\/revisions"}],"predecessor-version":[{"id":260894,"href":"https:\/\/www.cronacaonline.it\/index.php\/wp-json\/wp\/v2\/posts\/260892\/revisions\/260894"}],"wp:featuredmedia":[{"embeddable":true,"href":"https:\/\/www.cronacaonline.it\/index.php\/wp-json\/wp\/v2\/media\/260893"}],"wp:attachment":[{"href":"https:\/\/www.cronacaonline.it\/index.php\/wp-json\/wp\/v2\/media?parent=260892"}],"wp:term":[{"taxonomy":"category","embeddable":true,"href":"https:\/\/www.cronacaonline.it\/index.php\/wp-json\/wp\/v2\/categories?post=260892"},{"taxonomy":"post_tag","embeddable":true,"href":"https:\/\/www.cronacaonline.it\/index.php\/wp-json\/wp\/v2\/tags?post=260892"}],"curies":[{"name":"wp","href":"https:\/\/api.w.org\/{rel}","templated":true}]}}