{"id":260610,"date":"2025-06-02T17:20:36","date_gmt":"2025-06-02T15:20:36","guid":{"rendered":"https:\/\/www.cronacaonline.it\/?p=260610"},"modified":"2025-06-02T17:21:56","modified_gmt":"2025-06-02T15:21:56","slug":"due-giugno-2025-79mo-anniversario-della-fondazione-della-repubblica-italiana-consegnate-presso-il-teatro-lirico-di-cagliari-dal-prefetto-i-nuovi-titoli-di-cavaliere-dellordine","status":"publish","type":"post","link":"https:\/\/www.cronacaonline.it\/index.php\/2025\/06\/02\/due-giugno-2025-79mo-anniversario-della-fondazione-della-repubblica-italiana-consegnate-presso-il-teatro-lirico-di-cagliari-dal-prefetto-i-nuovi-titoli-di-cavaliere-dellordine\/","title":{"rendered":"Due giugno 2025 \u2013 79mo Anniversario della Fondazione della Repubblica Italiana. Consegnate presso il Teatro Lirico di Cagliari dal Prefetto i nuovi titoli di Cavaliere dell\u2019Ordine \u201cal Merito della Repubblica Italiana\u201d."},"content":{"rendered":"\n<p>Cagliari, 2 Giu 2025 \u2013 Questa mattina, il Prefetto di Cagliari, Giuseppe Castaldo, accompagnato dalla Presidente della Regione Autonoma della Sardegna Alessandra Todde, dal Sindaco del Comune di Cagliari Massimo Zedda e dal Comandante di Presidio Militare Interforze della Sardegna Enrico Pacioni, in occasione del 79mo anniversario della Festa della Repubblica, ha deposto una corona d\u2019alloro al Monumento dei Caduti nel Parco delle Rimembranze in Cagliari.<\/p>\n\n\n\n<p>A seguire, presso il Teatro Lirico, si \u00e8 tenuta una cerimonia celebrativa cui hanno partecipato Autorit\u00e0 civili, militari e religiose della provincia, nonch\u00e9 una rappresentanza di studenti delle Scuole degli Istituti Secondari di Secondo Grado del territorio.<\/p>\n\n\n\n<p>Dopo l\u2019esecuzione dell\u2019Inno Nazionale a cura del Coro composto dagli studenti del Liceo Artistico e Musicale \u201cFoiso Fois\u201d di Cagliari, il Prefetto Castaldo ha dato inizio alla cerimonia con la lettura del tradizionale messaggio del Presidente della Repubblica ai Prefetti ed ha, poi, rivolto un saluto alle Autorit\u00e0 presenti in platea.<\/p>\n\n\n\n<figure class=\"wp-block-image size-full is-resized\"><img loading=\"lazy\" src=\"https:\/\/www.cronacaonline.it\/wp-content\/uploads\/2025\/06\/Due-giugno-2025-al-Teatro-Lirico-a-Cagliari.jpg\" alt=\"\" class=\"wp-image-260613\" width=\"733\" height=\"489\" srcset=\"https:\/\/www.cronacaonline.it\/wp-content\/uploads\/2025\/06\/Due-giugno-2025-al-Teatro-Lirico-a-Cagliari.jpg 600w, https:\/\/www.cronacaonline.it\/wp-content\/uploads\/2025\/06\/Due-giugno-2025-al-Teatro-Lirico-a-Cagliari-300x200.jpg 300w\" sizes=\"(max-width: 733px) 100vw, 733px\" \/><\/figure>\n\n\n\n<p>A seguire, sono intervenuti il Sindaco del Comune di Cagliari Massimo Zedda e la Presidente della Regione Autonoma della Sardegna Alessandra Todde.<\/p>\n\n\n\n<p>Dopo la lettura di uno stralcio del \u201cDiscorso sulla Costituzione agli studenti\u201d di Piero Calamandrei da parte di due liceali del citato Istituto, la cerimonia \u00e8 proseguita con la consegna delle onorificenze conferite dal Capo dello Stato ai benemeriti residenti in Provincia.<\/p>\n\n\n\n<p>In particolare, la distinzione onorifica di Cavaliere dell\u2019Ordine \u201cal Merito della Repubblica Italiana\u201d \u00e8 stata conferita ai seguenti insigniti: Mar. Magg. dell\u2019Arma dei Carabinieri in servizio presso la Caserma dei Carabinieri di Sant\u2019Andrea Frius Matteo Attanasio; Assistente Amministrativo in servizio presso il Comando Provinciale dei Carabinieri di Cagliari, Carmelo Bonanno; Funzionario della Direzione Regionale dei Vigili del Fuoco Sardegna Ornella Cabiddu; Fisioterapista della Asl 8 di Cagliari Stefania Caboni; Funzionario Economico Finanziario della Prefettura di Cagliari Patrizia Carta; Dirigente Medico della Asl 8 di Cagliari in pensione Daniela Corso; Funzionario Contabile presso il Provveditorato dell\u2019Amministrazione Penitenziaria della Sardegna Serenella Cossellu; 1\u00b0 Lgt dell\u2019Esercito Italiano Gian Luca Demartis, in servizio presso il Comando Militare Esercito Sardegna; Funzionario Economico Finanziario della Prefettura di Cagliari Elena Dess\u00ec; Sig. Giampiero Lai, Capo Reparto Esperto dei Vigili del Fuoco in pensione; Insegnante in quiescenza e pittrice Teresa Chiara Mereu; Mar. Magg. dell\u2019Arma dei Carabinieri Marco Moccolini, Comandante della Stazione Carabinieri di Gesico; Lgt dell\u2019Arma dei Carabinieri in servizio presso l\u2019Ufficio Logistico della Legione Carabinieri Sardegna come Capo Centro Telematico Paolo Pasquavaglio; Lgt. dell\u2019Arma dei Carabinieri Riccardo Pirali, Comandante della Stazione Carabinieri di Sestu; Lgt della Guardia di Finanza Giuseppe Pitzalis, in servizio presso il Reparto Tecnico Logistico Amministrativo Sardegna della Guardia di Finanza di Cagliari come Capo Sezione Comando del Reparto Comando; Giornalista in pensione e coordinatrice di Giulia Giornaliste Luisa Anna Ronchi; App. Sc. dell\u2019Arma dei Carabinieri Marco Vassallo, in servizio presso il Comando Legione Carabinieri Sardegna con l\u2019incarico di Segretario dell\u2019Ufficio Assistenza Spirituale.<\/p>\n\n\n\n<p>L\u2019onorificenza di Ufficiale dell\u2019Ordine \u201cal merito della Repubblica Italiana\u201d \u00e8 stata conferita al Generale di Brigata della Guardia di Finanza a riposo Antonio Uselli, mentre al medico in pensione Giulio Solinas \u00e8 stata concessa la distinzione onorifica di Commendatore.<\/p>\n\n\n\n<p>\u00c8 stato, altres\u00ec, consegnato al Sig. Renato Diana un Attestato di Benemerenza al Merito Civile alla memoria di suo figlio Alessandro Diana, rimasto vittima di un incidente stradale a Pabillonis, il 17 settembre 2020, mentre si recava sul luogo dove era divampato un incendio per partecipare all\u2019opera di spegnimento in qualit\u00e0 di volontario della Protezione Civile.<\/p>\n\n\n\n<p>La cerimonia \u00e8 stata allietata dall\u2019esecuzione di alcuni brani musicali eseguiti dagli studenti del Liceo Artistico e Musicale \u201cFoiso Fois\u201d di Cagliari, accompagnati dalla Prof.ssa Daniela Bianchi.<\/p>\n\n\n\n<p>&nbsp;Il Prefetto, infine, nel ringraziare le autorit\u00e0 e i cittadini che hanno preso parte all\u2019evento commemorativo, ha espresso il suo pi\u00f9 vivo apprezzamento all\u2019Alfiere del Lavoro Alessandro Serafini e a tutti i giovani presenti, che costituiscono la speranza per il futuro del nostro Paese, invitandoli a seguire \u201cmodelli positivi\u201d ispirati ai valori fondanti della Costituzione, che risulta tutt\u2019oggi riferimento essenziale per la nostra societ\u00e0. Com<\/p>\n","protected":false},"excerpt":{"rendered":"<p>Cagliari, 2 Giu 2025 \u2013 Questa mattina, il Prefetto di Cagliari, Giuseppe Castaldo, accompagnato dalla Presidente della Regione Autonoma della Sardegna Alessandra Todde, dal Sindaco&#8230;<\/p>\n","protected":false},"author":2,"featured_media":260611,"comment_status":"closed","ping_status":"open","sticky":false,"template":"","format":"standard","meta":[],"categories":[49,53],"tags":[],"_links":{"self":[{"href":"https:\/\/www.cronacaonline.it\/index.php\/wp-json\/wp\/v2\/posts\/260610"}],"collection":[{"href":"https:\/\/www.cronacaonline.it\/index.php\/wp-json\/wp\/v2\/posts"}],"about":[{"href":"https:\/\/www.cronacaonline.it\/index.php\/wp-json\/wp\/v2\/types\/post"}],"author":[{"embeddable":true,"href":"https:\/\/www.cronacaonline.it\/index.php\/wp-json\/wp\/v2\/users\/2"}],"replies":[{"embeddable":true,"href":"https:\/\/www.cronacaonline.it\/index.php\/wp-json\/wp\/v2\/comments?post=260610"}],"version-history":[{"count":2,"href":"https:\/\/www.cronacaonline.it\/index.php\/wp-json\/wp\/v2\/posts\/260610\/revisions"}],"predecessor-version":[{"id":260614,"href":"https:\/\/www.cronacaonline.it\/index.php\/wp-json\/wp\/v2\/posts\/260610\/revisions\/260614"}],"wp:featuredmedia":[{"embeddable":true,"href":"https:\/\/www.cronacaonline.it\/index.php\/wp-json\/wp\/v2\/media\/260611"}],"wp:attachment":[{"href":"https:\/\/www.cronacaonline.it\/index.php\/wp-json\/wp\/v2\/media?parent=260610"}],"wp:term":[{"taxonomy":"category","embeddable":true,"href":"https:\/\/www.cronacaonline.it\/index.php\/wp-json\/wp\/v2\/categories?post=260610"},{"taxonomy":"post_tag","embeddable":true,"href":"https:\/\/www.cronacaonline.it\/index.php\/wp-json\/wp\/v2\/tags?post=260610"}],"curies":[{"name":"wp","href":"https:\/\/api.w.org\/{rel}","templated":true}]}}