{"id":260459,"date":"2025-05-29T15:26:32","date_gmt":"2025-05-29T13:26:32","guid":{"rendered":"https:\/\/www.cronacaonline.it\/?p=260459"},"modified":"2025-05-29T15:26:37","modified_gmt":"2025-05-29T13:26:37","slug":"farmaci-e-dispositivi-attivo-a-sassari-il-nuovo-servizio-di-logistica-sanitaria-presentato-nei-giorni-scorsi-il-nuovo-progetto-regionale-hub-del-farmaco-promosso-da-ares-sardegna","status":"publish","type":"post","link":"https:\/\/www.cronacaonline.it\/index.php\/2025\/05\/29\/farmaci-e-dispositivi-attivo-a-sassari-il-nuovo-servizio-di-logistica-sanitaria-presentato-nei-giorni-scorsi-il-nuovo-progetto-regionale-hub-del-farmaco-promosso-da-ares-sardegna\/","title":{"rendered":"Farmaci e dispositivi, attivo a Sassari il nuovo servizio di logistica sanitaria. Presentato nei giorni scorsi il nuovo progetto regionale Hub del Farmaco, promosso da Ares\u00a0Sardegna."},"content":{"rendered":"\n<p>Sassari 29 Magg 2025 -\u00a0Ottimizzare\u00a0la distribuzione\u00a0di farmaci e dispositivi medici,\u00a0garantire continuit\u00e0,\u00a0ridurre gli sprechi\u00a0e\u00a0rendere pi\u00f9 efficiente\u00a0e omogeneo il sistema di\u00a0approvvigionamento: sono queste le sfide raccolte dall'Azienda ospedaliero universitaria\u00a0di\u00a0Sassari che, dal mese di maggio, \u00e8 pienamente operativa nell'ambito del progetto regionale\u00a0Hub\u00a0del Farmaco, promosso da\u00a0Ares Sardegna. Un cambio di passo significativo che \u00e8 stato illustrato\u00a0marted\u00ec 21 maggio\u00a0nell'aula didattica dell'Istituto di Scienze Radiologiche, durante un incontro tecnico rivolto ai referenti dei reparti ospedalieri della\u00a0Aou.<br>Al centro della riunione, i vantaggi concreti legati al nuovo modello di gestione logistica, condiviso\u00a0da\u00a0Aou Sassari\u00a0e\u00a0Ares, in collaborazione con l'operatore economico Plurima. A discuterne con i professionisti coinvolti erano presenti la direttrice amministrativa\u00a0Maria Dolores Soddu, la\u00a0direttrice della Farmacia ospedaliera\u00a0Gabriella Carmelita\u00a0e\u00a0Valerio Fadda, responsabile Innovazione e Sviluppo di Ares.<br>L'Hub del Farmaco\u00a0si fonda su una logica di centralizzazione e digitalizzazione: un'unica\u00a0piattaforma regionale per gestire in modo tracciato e coordinato i flussi di farmaci e dispositivi\u00a0medici. Un'infrastruttura che dialoga con il\u00a0sistema Sisar\u00a0e permette di monitorare\u00a0costantemente gli\u00a0spostamenti dei materiali, dalla sede centrale di stoccaggio fino alla consegna nei reparti.\"L'Aou di Sassari\u00a0\u00e8 da inizio anno partner attivo del progetto Ares per la gestione dei dispositivi\u00a0medici. L'attivazione dell'hub dedicato ai farmaci rappresenta oggi un'evoluzione naturale, che ci\u00a0permette di potenziare la filiera logistica e di migliorarne l'efficienza operativa - ha dichiarato la\u00a0direttrice amministrativa\u00a0Maria Dolores Soddu\u00a0-. Lavorare in rete con il sistema regionale ci\u00a0consente di rispondere in modo pi\u00f9 tempestivo e uniforme alle esigenze cliniche dei nostri reparti\".<br>\"L'obiettivo\u00a0\u00e8 costruire un sistema sempre pi\u00f9 efficiente, dove tecnologie e organizzazione lavorano insieme per semplificare i processi e, soprattutto, rispondere meglio ai bisogni concreti di chi lavora\u00a0ogni giorno con i farmaci e di chi ne ha bisogno per curarsi - ha raccontato la direttrice della\u00a0Farmacia ospedaliera\u00a0Gabriella Carmelita\u00a0-. Vogliamo che ogni terapia sia disponibile quando\u00a0serve e dove serve, in qualunque punto della Sardegna, riducendo al minimo gli errori e garantendo\u00a0continuit\u00e0 nell'assistenza\".<\/p>\n\n\n\n<p>Come evidenziato da&nbsp;Valerio Fadda&nbsp;di Ares, il nuovo modello \u00e8 un investimento sul futuro della sanit\u00e0 sarda. Nel&nbsp;Nord Sardegna, il servizio \u00e8 gi\u00e0 attivo presso l\u2019Aou di Sassari&nbsp;e presso la&nbsp;Asl&nbsp;Gallura, che ospita il&nbsp;Transit Point; per la&nbsp;Asl di Sassari&nbsp;l\u2019avvio \u00e8 previsto a giugno. Un sistema&nbsp;che punta a superare la frammentazione logistica del passato, unificando la catena del farmaco con&nbsp;criteri di qualit\u00e0, trasparenza e sostenibilit\u00e0.<br>L'incontro ha segnato, dunque, un&nbsp;passaggio operativo&nbsp;ma anche&nbsp;culturale, verso un approccio pi\u00f9&nbsp;integrato e digitale alla sanit\u00e0 pubblica. Un'evoluzione che parte dalla logistica per incidere, in&nbsp;modo concreto, sulla qualit\u00e0 dell'assistenza. Com<\/p>\n","protected":false},"excerpt":{"rendered":"<p>Sassari 29 Magg 2025 &#8211;\u00a0Ottimizzare\u00a0la distribuzione\u00a0di farmaci e dispositivi medici,\u00a0garantire continuit\u00e0,\u00a0ridurre gli sprechi\u00a0e\u00a0rendere pi\u00f9 efficiente\u00a0e omogeneo il sistema di\u00a0approvvigionamento: sono queste le sfide raccolte dall&#8217;Azienda&#8230;<\/p>\n","protected":false},"author":2,"featured_media":260460,"comment_status":"closed","ping_status":"open","sticky":false,"template":"","format":"standard","meta":[],"categories":[49,53],"tags":[],"_links":{"self":[{"href":"https:\/\/www.cronacaonline.it\/index.php\/wp-json\/wp\/v2\/posts\/260459"}],"collection":[{"href":"https:\/\/www.cronacaonline.it\/index.php\/wp-json\/wp\/v2\/posts"}],"about":[{"href":"https:\/\/www.cronacaonline.it\/index.php\/wp-json\/wp\/v2\/types\/post"}],"author":[{"embeddable":true,"href":"https:\/\/www.cronacaonline.it\/index.php\/wp-json\/wp\/v2\/users\/2"}],"replies":[{"embeddable":true,"href":"https:\/\/www.cronacaonline.it\/index.php\/wp-json\/wp\/v2\/comments?post=260459"}],"version-history":[{"count":1,"href":"https:\/\/www.cronacaonline.it\/index.php\/wp-json\/wp\/v2\/posts\/260459\/revisions"}],"predecessor-version":[{"id":260461,"href":"https:\/\/www.cronacaonline.it\/index.php\/wp-json\/wp\/v2\/posts\/260459\/revisions\/260461"}],"wp:featuredmedia":[{"embeddable":true,"href":"https:\/\/www.cronacaonline.it\/index.php\/wp-json\/wp\/v2\/media\/260460"}],"wp:attachment":[{"href":"https:\/\/www.cronacaonline.it\/index.php\/wp-json\/wp\/v2\/media?parent=260459"}],"wp:term":[{"taxonomy":"category","embeddable":true,"href":"https:\/\/www.cronacaonline.it\/index.php\/wp-json\/wp\/v2\/categories?post=260459"},{"taxonomy":"post_tag","embeddable":true,"href":"https:\/\/www.cronacaonline.it\/index.php\/wp-json\/wp\/v2\/tags?post=260459"}],"curies":[{"name":"wp","href":"https:\/\/api.w.org\/{rel}","templated":true}]}}