{"id":260383,"date":"2025-05-28T10:34:11","date_gmt":"2025-05-28T08:34:11","guid":{"rendered":"https:\/\/www.cronacaonline.it\/?p=260383"},"modified":"2025-05-28T10:34:14","modified_gmt":"2025-05-28T08:34:14","slug":"pnes-a-bonorva-la-dodicesima-tappa-della-carovana-della-asl-di-sassari","status":"publish","type":"post","link":"https:\/\/www.cronacaonline.it\/index.php\/2025\/05\/28\/pnes-a-bonorva-la-dodicesima-tappa-della-carovana-della-asl-di-sassari\/","title":{"rendered":"Pnes: a Bonorva la dodicesima tappa della carovana della Asl di Sassari."},"content":{"rendered":"\n<p>Sassari, 28 Magg 2025 - Prosegue nel Nord ovest della Sardegna il progetto \u201cContrastare la povert\u00e0 sanitaria\u201d, del Programma Nazionale Equit\u00e0 nella Salute (Pnes). Infatti, si \u00e8 svolta negli scorsi giorni a Bonorva, nel sassarese, la dodicesima tappa del piano \u201cContrastare la povert\u00e0 sanitaria\u201d che, grazie alla preziosa collaborazione dei Servizi Sociali del Comune e la sezione comunale dell\u2019Avis, ha coinvolto una quarantina di cittadini che si sono dati appuntamento presso i locali del Municipio, per sottoporsi a visite gratuite di cardiologia, diabetologia, pneumologia, ginecologia con i professionisti della Asl n. 1.<\/p>\n\n\n\n<p>Il&nbsp;Programma Nazionale Equit\u00e0 nella Salute (Pnes), previsto nell\u2019Accordo di Partenariato dell\u2019Italia sulla Programmazione della politica di coesione 2021-2027, si pone l\u2019obiettivo di rafforzare i servizi sanitari e renderne pi\u00f9 equo l\u2019accesso in sette Regioni: Basilicata, Calabria, Campania, Molise, Puglia, Sardegna, Sicilia.<\/p>\n\n\n\n<figure class=\"wp-block-image size-full is-resized\"><img loading=\"lazy\" src=\"https:\/\/www.cronacaonline.it\/wp-content\/uploads\/2025\/05\/Palazzo-municipale-di-Bonorva-dove-arriva-la-nuova-tappa-dela-caronavana-della-Salute.jpg\" alt=\"\" class=\"wp-image-260385\" width=\"729\" height=\"608\" srcset=\"https:\/\/www.cronacaonline.it\/wp-content\/uploads\/2025\/05\/Palazzo-municipale-di-Bonorva-dove-arriva-la-nuova-tappa-dela-caronavana-della-Salute.jpg 600w, https:\/\/www.cronacaonline.it\/wp-content\/uploads\/2025\/05\/Palazzo-municipale-di-Bonorva-dove-arriva-la-nuova-tappa-dela-caronavana-della-Salute-300x250.jpg 300w\" sizes=\"(max-width: 729px) 100vw, 729px\" \/><\/figure>\n\n\n\n<p>Il Programma individua quattro aree per le quali \u00e8 pi\u00f9 urgente intervenire ed \u00e8 necessaria un\u2019iniziativa nazionale a supporto dell\u2019organizzazione regionale e locale dei servizi sanitari e sociosanitari rivolta alle persone in condizione di svantaggio socio-economico: Prendersi cura della salute mentale; Maggiore copertura degli screening oncologici; Il genere al centro della cura e Contrastare la povert\u00e0 sanitaria.<\/p>\n\n\n\n<p>Il progetto - Sono 38 le aziende sanitarie selezionate, nel panorama nazionale; tra queste la Asl n. 1 di Sassari che, attraverso un gruppo di lavoro aziendale diretto dalla Direzione dei Servizi Socio Sanitari della Asl n. 1, ha elaborato un piano di intervento, che si articola in sette progetti per un ammontare complessivo di&nbsp;3.680.000 euro, provenienti dal&nbsp;FESR (Fondo Europeo di Sviluppo Regionale)&nbsp;e dal&nbsp;FSE+ (Fondo Sociale Europeo),&nbsp;e approvati&nbsp;dall\u2019Istituto Nazionale Migrazioni e Povert\u00e0 (INMP), quale organismo intermedio con cui la Asl di Sassari ha sottoscritto un\u2019apposita convenzione.<\/p>\n\n\n\n<p>L\u2019attenzione&nbsp;del Pnes \u00e8 puntata in modo particolare sull\u2019area del&nbsp;contrasto della povert\u00e0 sanitaria: nei prossimi 5 anni la Asl n.1 svilupper\u00e0 una serie di attivit\u00e0 che mirano a concretizzare iniziative capaci di&nbsp;ridurre le barriere di accesso ai servizi sanitari e sociosanitari per le persone vulnerabili&nbsp;dal punto di vista socio-economico, con progetti di sanit\u00e0 pubblica di prossimit\u00e0, dell\u2019inclusione attiva, dell\u2019integrazione sociosanitaria e di comunit\u00e0.<\/p>\n\n\n\n<p>Per la realizzazione degli obiettivi la Asl di Sassari ha previsto l\u2019acquisto di due cliniche mobili attrezzate per visite mediche e altre prestazioni sanitarie di base, oltre a prevedere l\u2019allestimento di ambulatori fissi situati in zone strategiche e facilmente accessibili e la costituzione di \u00e9quipe multidisciplinari e trasversali (composte da medico, assistente sociale, infermiere, autista, amministrativo ed altre figure specifiche) per le cure di base e quelle specialistiche.<\/p>\n\n\n\n<p>Il progetto prevede inoltre la fornitura e distribuzione di farmaci di fascia A e C, essenziali per la cura della salute sanitaria in quanto utilizzati per malattie croniche gravi, a persone svantaggiate per migliorarne la qualit\u00e0 di vita e promuovere l\u2019equit\u00e0 nell\u2019accesso ai servizi sanitari. Altrettanto fondamentale sar\u00e0 la co-progettazione tra l\u2019Asl sassarese e gli Enti del Terzo Settore per realizzare interventi finalizzati a contrastare la povert\u00e0 sanitaria attraverso una serie di attivit\u00e0 coordinate e mirate, a partire dalla mappatura dei bisogni territoriali dei vari siti identificati a livello di ogni Distretto Socio-Sanitario.<\/p>\n\n\n\n<p>Molta attenzione, con due diversi progetti, sar\u00e0 inoltre posta sulla salute odontoiatrica delle fasce pi\u00f9 vulnerabili di popolazione, alle quali saranno offerte visite e cure, ma anche la possibilit\u00e0 \u2013 con un finanziamento specifico \u2013 di poter usufruire di protesi odontoiatriche.<\/p>\n\n\n\n<p>Anche in questa tappa, per il raggiungimento degli obiettivi prefissati, \u00e8 stata fondamentale la sinergia e collaborazione instaurata con il Sindaco e i servizi sociali di Bonorva, oltre che dai volontari dell\u2019Avis cittadina, che si ringrazi per la preziosa collaborazione.<\/p>\n\n\n\n<p>Il 7 giugno 2025 la carovana della Asl di Sassari raggiunger\u00e0 i cittadini del comune di Villanova Monteleone. Com<\/p>\n","protected":false},"excerpt":{"rendered":"<p>Sassari, 28 Magg 2025 &#8211; Prosegue nel Nord ovest della Sardegna il progetto \u201cContrastare la povert\u00e0 sanitaria\u201d, del Programma Nazionale Equit\u00e0 nella Salute (Pnes). Infatti,&#8230;<\/p>\n","protected":false},"author":2,"featured_media":260384,"comment_status":"closed","ping_status":"open","sticky":false,"template":"","format":"standard","meta":[],"categories":[49,53],"tags":[],"_links":{"self":[{"href":"https:\/\/www.cronacaonline.it\/index.php\/wp-json\/wp\/v2\/posts\/260383"}],"collection":[{"href":"https:\/\/www.cronacaonline.it\/index.php\/wp-json\/wp\/v2\/posts"}],"about":[{"href":"https:\/\/www.cronacaonline.it\/index.php\/wp-json\/wp\/v2\/types\/post"}],"author":[{"embeddable":true,"href":"https:\/\/www.cronacaonline.it\/index.php\/wp-json\/wp\/v2\/users\/2"}],"replies":[{"embeddable":true,"href":"https:\/\/www.cronacaonline.it\/index.php\/wp-json\/wp\/v2\/comments?post=260383"}],"version-history":[{"count":1,"href":"https:\/\/www.cronacaonline.it\/index.php\/wp-json\/wp\/v2\/posts\/260383\/revisions"}],"predecessor-version":[{"id":260386,"href":"https:\/\/www.cronacaonline.it\/index.php\/wp-json\/wp\/v2\/posts\/260383\/revisions\/260386"}],"wp:featuredmedia":[{"embeddable":true,"href":"https:\/\/www.cronacaonline.it\/index.php\/wp-json\/wp\/v2\/media\/260384"}],"wp:attachment":[{"href":"https:\/\/www.cronacaonline.it\/index.php\/wp-json\/wp\/v2\/media?parent=260383"}],"wp:term":[{"taxonomy":"category","embeddable":true,"href":"https:\/\/www.cronacaonline.it\/index.php\/wp-json\/wp\/v2\/categories?post=260383"},{"taxonomy":"post_tag","embeddable":true,"href":"https:\/\/www.cronacaonline.it\/index.php\/wp-json\/wp\/v2\/tags?post=260383"}],"curies":[{"name":"wp","href":"https:\/\/api.w.org\/{rel}","templated":true}]}}