{"id":260353,"date":"2025-05-27T15:55:14","date_gmt":"2025-05-27T13:55:14","guid":{"rendered":"https:\/\/www.cronacaonline.it\/?p=260353"},"modified":"2025-05-27T15:55:16","modified_gmt":"2025-05-27T13:55:16","slug":"siglato-questoggi-in-prefettura-protocollo-dintesa-per-la-prevenzione-e-il-contrasto-del-fenomeno-dellusura","status":"publish","type":"post","link":"https:\/\/www.cronacaonline.it\/index.php\/2025\/05\/27\/siglato-questoggi-in-prefettura-protocollo-dintesa-per-la-prevenzione-e-il-contrasto-del-fenomeno-dellusura\/","title":{"rendered":"Siglato quest\u2019oggi in prefettura Protocollo d&#8217;intesa per la prevenzione e il contrasto del fenomeno dell\u2019usura."},"content":{"rendered":"\n<p>Cagliari, 27 Magg 2025 - Il Prefetto di Cagliari Giuseppe Castaldo, il Presidente della Commissione Regionale Abi Sardegna Mauro Maschio, il Presidente della Camera di Commercio di Cagliari - Oristano Maurizio de Pascale e il Presidente della Fondazione Antiusura Sant\u2019Ignazio da Laconi don Marco Lai, hanno sottoscritto il Protocollo d'intesa per la prevenzione e il contrasto del fenomeno dell\u2019usura.<\/p>\n\n\n\n<p>Il Protocollo, in attuazione dell\u2019Accordo Quadro antiusura sottoscritto il 16 novembre 2021 tra il Ministero dell'Interno e l\u2019Associazione Bancaria Italiana (ABI), mira tra l\u2019altro a favorire la corretta informazione in materia di economia legale e dei rischi di esposizione a usura, racket e sovra indebitamento, promuovendo apposite campagne di informazione sull'utilizzo dei fondi per la prevenzione dell\u2019usura e di contrasto alla pubblicit\u00e0 ingannevole in tema di concessioni di credito.<\/p>\n\n\n\n<p>Per l\u2019attuazione del presente Protocollo sar\u00e0 costituito in Prefettura un Osservatorio provinciale per il sostegno ad iniziative di prevenzione e contrasto al fenomeno dell\u2019usura.<\/p>\n\n\n\n<p>La lotta a usura e racket, reati che colpiscono soprattutto le fasce pi\u00f9 vulnerabili della popolazione, come le microimprese e le famiglie in difficolt\u00e0 economica, oltre a ledere gli equilibri di mercato e il principio di libera concorrenza, \u00e8 da sempre in cima alle priorit\u00e0 della Prefettura. Per questo motivo, con il presente Protocollo, saranno potenziati gli strumenti di sostegno agli operatori economici e ai privati pi\u00f9 a rischio o che ne rimangono vittime, anche attraverso percorsi volti a favorire la fuoriuscita da questa odiosa piaga.<\/p>\n","protected":false},"excerpt":{"rendered":"<p>Cagliari, 27 Magg 2025 &#8211; Il Prefetto di Cagliari Giuseppe Castaldo, il Presidente della Commissione Regionale Abi Sardegna Mauro Maschio, il Presidente della Camera di&#8230;<\/p>\n","protected":false},"author":2,"featured_media":126555,"comment_status":"closed","ping_status":"open","sticky":false,"template":"","format":"standard","meta":[],"categories":[49,53],"tags":[],"_links":{"self":[{"href":"https:\/\/www.cronacaonline.it\/index.php\/wp-json\/wp\/v2\/posts\/260353"}],"collection":[{"href":"https:\/\/www.cronacaonline.it\/index.php\/wp-json\/wp\/v2\/posts"}],"about":[{"href":"https:\/\/www.cronacaonline.it\/index.php\/wp-json\/wp\/v2\/types\/post"}],"author":[{"embeddable":true,"href":"https:\/\/www.cronacaonline.it\/index.php\/wp-json\/wp\/v2\/users\/2"}],"replies":[{"embeddable":true,"href":"https:\/\/www.cronacaonline.it\/index.php\/wp-json\/wp\/v2\/comments?post=260353"}],"version-history":[{"count":1,"href":"https:\/\/www.cronacaonline.it\/index.php\/wp-json\/wp\/v2\/posts\/260353\/revisions"}],"predecessor-version":[{"id":260354,"href":"https:\/\/www.cronacaonline.it\/index.php\/wp-json\/wp\/v2\/posts\/260353\/revisions\/260354"}],"wp:featuredmedia":[{"embeddable":true,"href":"https:\/\/www.cronacaonline.it\/index.php\/wp-json\/wp\/v2\/media\/126555"}],"wp:attachment":[{"href":"https:\/\/www.cronacaonline.it\/index.php\/wp-json\/wp\/v2\/media?parent=260353"}],"wp:term":[{"taxonomy":"category","embeddable":true,"href":"https:\/\/www.cronacaonline.it\/index.php\/wp-json\/wp\/v2\/categories?post=260353"},{"taxonomy":"post_tag","embeddable":true,"href":"https:\/\/www.cronacaonline.it\/index.php\/wp-json\/wp\/v2\/tags?post=260353"}],"curies":[{"name":"wp","href":"https:\/\/api.w.org\/{rel}","templated":true}]}}