{"id":260228,"date":"2025-05-23T10:20:49","date_gmt":"2025-05-23T08:20:49","guid":{"rendered":"https:\/\/www.cronacaonline.it\/?p=260228"},"modified":"2025-05-23T10:20:50","modified_gmt":"2025-05-23T08:20:50","slug":"trasporto-pubblico-e-intermodalita-la-riduzione-delle-emissioni-in-atmosfera-e-il-ruolo-dellintermodalita-istituzioni-politica-e-imprese-a-confronto","status":"publish","type":"post","link":"https:\/\/www.cronacaonline.it\/index.php\/2025\/05\/23\/trasporto-pubblico-e-intermodalita-la-riduzione-delle-emissioni-in-atmosfera-e-il-ruolo-dellintermodalita-istituzioni-politica-e-imprese-a-confronto\/","title":{"rendered":"Trasporto pubblico e intermodalit\u00e0 \u2013 La riduzione delle emissioni in atmosfera e il ruolo dell\u2019intermodalit\u00e0: Istituzioni, Politica e imprese a confronto."},"content":{"rendered":"\n<p>Cagliari, 23 Magg 2025 - Si parler\u00e0 di trasporto pubblico regionale, impegno nella riduzione delle emissioni in atmosfera e del ruolo dell\u2019intermodalit\u00e0 a livello regionale e metropolitano nell\u2019evento pubblico nazionale, organizzato da Confartigianato Sardegna, in programma oggi 23 maggio nel capoluogo sardo, presso il Business Centre dell\u2019Aeroporto, con inizio alle ore 15.00, dal titolo \u201cSistemi intermodali e sostenibilit\u00e0. Il ruolo dei grandi sistemi di trasporto regionali e il valore delle imprese artigiane nella mobilit\u00e0 del territorio\u201d.<\/p>\n\n\n\n<p>L\u2019appuntamento del Capoluogo, che far\u00e0 dialogare la Politica, le Istituzioni e le Imprese, fa parte dei 4 eventi nazionali del Festival nazionale Ci.Te.Mo.S. \u2013 Citt\u00e0 Tecnologia Mobilit\u00e0 Sostenibile di Confartigianato Imprese Sostenibili, dal titolo \u201cSostenibilit\u00e0 Intermodalit\u00e0 \u2013 Riduciamo le emissioni con il supporto dell\u2019intermodalit\u00e0\u201d in programma anche a Verona, Bologna e Bari.<\/p>\n\n\n\n<p>L\u2019iniziativa verr\u00e0 aperta dai saluti del Presidente Nazionale di Confartigianato, Marco Granelli con un videointervento, e del Presidente di Confartigianato Sardegna, Giacomo Meloni. L\u2019introduzione e la moderazione \u00e8 affidata a Gianfranco Fancello dell\u2019Universit\u00e0 degli Studi di Cagliari. Nella prima tavola rotonda, dal titolo \u201cIl ruolo delle Istituzioni a sostegno dell\u2019intermodalit\u00e0\u201d, si confronteranno Salvatore Sasso Deidda, Presidente Commissione Trasporti della Camera dei Deputati, Monica Pilloni, Presidente Sogaer, Massimo Deiana, Presidente dell\u2019Autorit\u00e0 di Sistema Portuale del Mare di Sardegna, e Francesco Sechi, Capo di Gabinetto dell\u2019Assessorato dei Trasporti Regione Sardegna. Nel secondo appuntamento, \u201cConnessioni tra enti, imprese e operatori, esperienze a confronto\u201d, dialogo aperto tra Fabio Mereu, A.D. Sogaer e VicePresidente Nazionale Confartigianato, Mauro Coni, Universit\u00e0 degli Studi di Cagliari, Carlo Poledrini, Direttore Generale ARST, Luca Catella, VicePresidente Nazionale Confartigianato AutoBus Operator, Alessandro Nordio, gi\u00e0 Presidente Nazionale Confartigianato Taxi, Valerio Spada, Playcar, ed Ernesto Cipriani, Universit\u00e0 degli Studi Roma Tre.<\/p>\n\n\n\n<p>Secondo Confartigianato Sardegna la sostenibilit\u00e0 nell\u2019atmosfera \u00e8 collegata alla gestione responsabile delle risorse e all\u2019adozione di pratiche, che minimizzano l\u2019impatto ambientale nella mobilit\u00e0; pi\u00f9 le persone possono scegliere come muoversi, avendo pi\u00f9 modalit\u00e0 di trasporto a loro disposizione, pi\u00f9 \u00e8 possibile arrivare a un trasporto eco-compatibile, contribuendo a minori emissioni, minore consumo di risorse non rinnovabili e, miglioramento della vita. Com<\/p>\n","protected":false},"excerpt":{"rendered":"<p>Cagliari, 23 Magg 2025 &#8211; Si parler\u00e0 di trasporto pubblico regionale, impegno nella riduzione delle emissioni in atmosfera e del ruolo dell\u2019intermodalit\u00e0 a livello regionale&#8230;<\/p>\n","protected":false},"author":2,"featured_media":246361,"comment_status":"closed","ping_status":"open","sticky":false,"template":"","format":"standard","meta":[],"categories":[49,53],"tags":[],"_links":{"self":[{"href":"https:\/\/www.cronacaonline.it\/index.php\/wp-json\/wp\/v2\/posts\/260228"}],"collection":[{"href":"https:\/\/www.cronacaonline.it\/index.php\/wp-json\/wp\/v2\/posts"}],"about":[{"href":"https:\/\/www.cronacaonline.it\/index.php\/wp-json\/wp\/v2\/types\/post"}],"author":[{"embeddable":true,"href":"https:\/\/www.cronacaonline.it\/index.php\/wp-json\/wp\/v2\/users\/2"}],"replies":[{"embeddable":true,"href":"https:\/\/www.cronacaonline.it\/index.php\/wp-json\/wp\/v2\/comments?post=260228"}],"version-history":[{"count":1,"href":"https:\/\/www.cronacaonline.it\/index.php\/wp-json\/wp\/v2\/posts\/260228\/revisions"}],"predecessor-version":[{"id":260230,"href":"https:\/\/www.cronacaonline.it\/index.php\/wp-json\/wp\/v2\/posts\/260228\/revisions\/260230"}],"wp:featuredmedia":[{"embeddable":true,"href":"https:\/\/www.cronacaonline.it\/index.php\/wp-json\/wp\/v2\/media\/246361"}],"wp:attachment":[{"href":"https:\/\/www.cronacaonline.it\/index.php\/wp-json\/wp\/v2\/media?parent=260228"}],"wp:term":[{"taxonomy":"category","embeddable":true,"href":"https:\/\/www.cronacaonline.it\/index.php\/wp-json\/wp\/v2\/categories?post=260228"},{"taxonomy":"post_tag","embeddable":true,"href":"https:\/\/www.cronacaonline.it\/index.php\/wp-json\/wp\/v2\/tags?post=260228"}],"curies":[{"name":"wp","href":"https:\/\/api.w.org\/{rel}","templated":true}]}}