{"id":259970,"date":"2025-05-18T09:10:09","date_gmt":"2025-05-18T07:10:09","guid":{"rendered":"https:\/\/www.cronacaonline.it\/?p=259970"},"modified":"2025-05-18T09:10:12","modified_gmt":"2025-05-18T07:10:12","slug":"loceri-si-prepara-alla-sfida-presentato-l8vo-slalom-memorial-silverio-demurtas","status":"publish","type":"post","link":"https:\/\/www.cronacaonline.it\/index.php\/2025\/05\/18\/loceri-si-prepara-alla-sfida-presentato-l8vo-slalom-memorial-silverio-demurtas\/","title":{"rendered":"Loceri si prepara alla sfida: presentato l\u20198vo Slalom \u2013 Memorial Silverio Demurtas."},"content":{"rendered":"\n<p>Loceri (Nu), 18 Magg 2025\u00a0\u2013 I motori ancora spenti, ma l\u2019adrenalina gi\u00e0 nell\u2019aria. A meno di una settimana dalla gara, \u00e8 stato presentato ieri, 17 maggio, nella sala consiliare del Comune di Loceri, l\u20198\u00b0 Slalom di Loceri \u2013 4\u00b0 Memorial Silverio Demurtas, tappa decisiva del\u00a0Campionato Italiano Assoluto Slalom, valida anche per la\u00a0Coppa di Zona 2\u00a0e come\u00a0seconda prova del Trofeo Slalom Sardegna.<\/p>\n\n\n\n<p>Il percorso si snoder\u00e0 lungo i tornanti della&nbsp;Strada Statale 390, con partenza all\u2019interno del centro abitato al km&nbsp;8,800&nbsp;e arrivo al km&nbsp;4,900, per un totale di&nbsp;3,9 chilometri&nbsp;tra curve strette, rilanci e tecnica pura.<\/p>\n\n\n\n<p>Dietro l\u2019evento c\u2019\u00e8 un\u2019organizzazione solida e appassionata: la&nbsp;Ogliastra Racing, affiancata dalla&nbsp;Scuderia Arbus Pro Motors, con il patrocinio della&nbsp;Regione Sardegna, del&nbsp;Comune di Loceri, della&nbsp;Provincia di Nuoro e Ogliastra, della&nbsp;Camera di Commercio di Nuoro, e il supporto dell\u2019Automobile Club d\u2019Italia&nbsp;\u2013 delegazioni di&nbsp;Nuoro&nbsp;e&nbsp;Cagliari&nbsp;\u2013 e della&nbsp;Delegazione ACI Sport Sardegna.<\/p>\n\n\n\n<p>\u201cOgni anno \u00e8 come rimettere insieme un grande puzzle&nbsp;\u2013&nbsp;ha detto&nbsp;Fabrizio Seoni, presidente dell\u2019Ogliastra Racing&nbsp;- uomini, autorizzazioni, sicurezza, logistica. Ma il bello \u00e8 proprio qui: riuscirci. Quest'anno abbiamo voluto fare un passo avanti: il tratto riasfaltato migliora non solo la qualit\u00e0 del percorso ma anche l\u2019esperienza di guida. Un dettaglio tecnico, s\u00ec, ma che pu\u00f2 cambiare una gara.\u201d<\/p>\n\n\n\n<p>Il&nbsp;sindaco di Loceri, Gianfranco Lecca, ha ricordato il valore sociale della manifestazione, tracciando una linea che unisce sport, comunit\u00e0 e identit\u00e0 locale: \u201cLo Slalom non \u00e8 solo un evento motoristico. Per noi \u00e8 un simbolo. \u00c8 il momento in cui il paese si apre, accoglie, si mette in mostra. E non solo per chi corre, ma per chi lavora dietro le quinte, per le famiglie, per i ragazzi che iniziano ad amare lo sport attraverso il rombo di un motore.\u201d<\/p>\n\n\n\n<p>A chiudere gli interventi \u00e8 stato&nbsp;Angelo Mulas, segretario dell\u2019Ogliastra Racing, che ha restituito la dimensione emotiva della gara: \u201cC\u2019\u00e8 un legame che non si spezza tra piloti e territorio. In Ogliastra non ci sono molte occasioni per misurarsi, e questa gara \u2013 da anni \u2013 \u00e8 diventata un riferimento. Anche per questo abbiamo scelto una data pi\u00f9 avanti rispetto al solito, per avere condizioni migliori. Il tracciato \u00e8 pronto. Adesso tocca ai motori raccontare il resto.\u201d<\/p>\n\n\n\n<p>Il weekend motoristico si aprir\u00e0 sabato&nbsp;24 maggio&nbsp;con le&nbsp;verifiche tecniche e sportive&nbsp;nella Zona PIP di Loceri. Domenica&nbsp;25 maggio, a partire dalle&nbsp;9:30, semaforo verde per la&nbsp;manche di ricognizione, seguita da&nbsp;tre manche cronometrate.<\/p>\n\n\n\n<p>Loceri si conferma palcoscenico d\u2019eccezione per uno slalom che \u00e8 diventato molto pi\u00f9 di una gara: \u00e8 l\u2019incontro tra passione e precisione, tra sport e paesaggio, tra memoria e velocit\u00e0. Red<\/p>\n","protected":false},"excerpt":{"rendered":"<p>Loceri (Nu), 18 Magg 2025\u00a0\u2013 I motori ancora spenti, ma l\u2019adrenalina gi\u00e0 nell\u2019aria. A meno di una settimana dalla gara, \u00e8 stato presentato ieri, 17&#8230;<\/p>\n","protected":false},"author":2,"featured_media":259971,"comment_status":"closed","ping_status":"open","sticky":false,"template":"","format":"standard","meta":[],"categories":[49,56],"tags":[],"_links":{"self":[{"href":"https:\/\/www.cronacaonline.it\/index.php\/wp-json\/wp\/v2\/posts\/259970"}],"collection":[{"href":"https:\/\/www.cronacaonline.it\/index.php\/wp-json\/wp\/v2\/posts"}],"about":[{"href":"https:\/\/www.cronacaonline.it\/index.php\/wp-json\/wp\/v2\/types\/post"}],"author":[{"embeddable":true,"href":"https:\/\/www.cronacaonline.it\/index.php\/wp-json\/wp\/v2\/users\/2"}],"replies":[{"embeddable":true,"href":"https:\/\/www.cronacaonline.it\/index.php\/wp-json\/wp\/v2\/comments?post=259970"}],"version-history":[{"count":1,"href":"https:\/\/www.cronacaonline.it\/index.php\/wp-json\/wp\/v2\/posts\/259970\/revisions"}],"predecessor-version":[{"id":259972,"href":"https:\/\/www.cronacaonline.it\/index.php\/wp-json\/wp\/v2\/posts\/259970\/revisions\/259972"}],"wp:featuredmedia":[{"embeddable":true,"href":"https:\/\/www.cronacaonline.it\/index.php\/wp-json\/wp\/v2\/media\/259971"}],"wp:attachment":[{"href":"https:\/\/www.cronacaonline.it\/index.php\/wp-json\/wp\/v2\/media?parent=259970"}],"wp:term":[{"taxonomy":"category","embeddable":true,"href":"https:\/\/www.cronacaonline.it\/index.php\/wp-json\/wp\/v2\/categories?post=259970"},{"taxonomy":"post_tag","embeddable":true,"href":"https:\/\/www.cronacaonline.it\/index.php\/wp-json\/wp\/v2\/tags?post=259970"}],"curies":[{"name":"wp","href":"https:\/\/api.w.org\/{rel}","templated":true}]}}