{"id":259966,"date":"2025-05-18T06:49:32","date_gmt":"2025-05-18T04:49:32","guid":{"rendered":"https:\/\/www.cronacaonline.it\/?p=259966"},"modified":"2025-05-18T06:49:33","modified_gmt":"2025-05-18T04:49:33","slug":"internazionali-ditalia-paolini-gauff-6-4-6-2-jasmine-regina-di-roma-entra-nella-storia-del-tennis-mondiale","status":"publish","type":"post","link":"https:\/\/www.cronacaonline.it\/index.php\/2025\/05\/18\/internazionali-ditalia-paolini-gauff-6-4-6-2-jasmine-regina-di-roma-entra-nella-storia-del-tennis-mondiale\/","title":{"rendered":"Internazionali d&#8217;Italia: Paolini-Gauff 6-4 6-2, Jasmine Regina di Roma, entra nella Storia del tennis mondiale."},"content":{"rendered":"\n<p>Roma, 18 Magg 2025 \u2013 Felicit\u00e0 incontenibile per Jasmine Paolini, che riporta l\u2019Italia a vincere gli Internazionali d\u2019Italia dopo 40 anni! Un\u2019impresa magica.<\/p>\n\n\n\n<p>\"Non mi sembra vero, incredibile avere questo trofeo tra le mani. Sono emozionatissima\". Cos\u00ec Jasmine Paolini dopo aver vinto il titolo agli Internazionali d'Italia con una voce commossa per il successo. \"Grazie al mio team e alla mia famiglia che mi supportano sempre, grazie a loro abbiamo questa coppa tra le mani. Ora manca il doppio, non me lo sono scordata\", ha aggiunto: \"il pubblico \u00e8 stato speciale, \u00e8 veramente un sogno essere qui. Sono venuta qui da piccola e pensare di sollevare il trofeo non era nemmeno nei miei sogni\". L'azzurra ha concluso: \"grazie per il sostegno al presidente Sergio Mattarella, a fine anno siamo andati noi da lui e questa volta siamo riusciti a portarlo noi al Foro Italico\".<\/p>\n\n\n\n<p>Jasmine Paolini \u00e8 la nuova regina di Roma. Quarant'anni dopo Raffaella Reggi un'azzurra scrive il suo nome nell'albo d'oro, grazie alla vittoria sull'americana Coco Gauff in due set 6-4 6-2 durati un'ora e 29 minuti. Una vittoria storica ottenuta sotto gli occhi del Presidente della Repubblica Sergio Mattarella, che seduto in tribuna autorit\u00e0 con la figlia ha applaudito pi\u00f9 volte la piccola grande tennista italiana e si \u00e8 alzato in piedi insieme a tutti gli spettatori quando Jas con un ace sporco si \u00e8 presa il titolo. Paolini saltella impazzita di gioia in piedi va da pap\u00e0 Ugo, mamma Jacqueline, l'inseparabile amica e compagna di doppio Sara Errani con la quale domani Jas prover\u00e0 a prendersi il titolo bis, quando l'azzurra conquista 'ultimo punto di un match contrassegnato da un'altalena di prodezze e di grandi regali (tanti i doppi falli) dell'americana. Jas \u00e8 stata pi\u00f9 lucida e ordinata sfoggiando colpi da fondo solidi e variazioni di ritmo superiori a quelli di Coco: ha breakkato subito l'avversaria subendo un immediato controbreak e strappandole quindi di nuovo il servizio di nuovo sull'1 pari. Sul 3 a 1 per lei \u00e8 scattato l'\"Ole', ole', ole' Jasmine, Jasmine\" degli spettatori. Identificandola ormai con l'eroe italico Sinner, forse perch\u00e9 il numero 1 del mondo ha detto che si somigliano (dagli spalti si sono sentiti parecchi scherzosi \"forza Jannik\") molti erano vestiti in arancione, il colore sinneriano che in questi giorni ha colonizzato il Foro Italico. Sul 3 a 1 Jasmine ha lasciato andare il braccio con uno schiaffo al volo di dritto che ha dato il via a un carosello di drop shot e discese a rete andati a far compagnia a vincenti da fondo campo lungolinea e diagonali fino ai tre set point sul 5-4. Jasmine ha chiuso subito la pratica aggiudicandosi il primo con uno schiaffo al volo di rovescio. Il secondo set \u00e8 andato via molto pi\u00f9 veloce con una Gauff sempre pi\u00f9 fallosa, due break (a inizio set e sul 3 a 1). Sul 5 a 2, due match point. Gauff ha annullato il primo con un lungolinea di rovescio. Il secondo va in porto. Jas \u00e8 la campionessa, accolta da \"Tutta l'Italia\" di Gabry Ponte<\/p>\n\n\n\n<figure class=\"wp-block-image size-full is-resized\"><img loading=\"lazy\" src=\"https:\/\/www.cronacaonline.it\/wp-content\/uploads\/2025\/05\/Tennis_-Paolini-regina-di-Roma.jpg\" alt=\"\" class=\"wp-image-259968\" width=\"734\" height=\"489\" srcset=\"https:\/\/www.cronacaonline.it\/wp-content\/uploads\/2025\/05\/Tennis_-Paolini-regina-di-Roma.jpg 600w, https:\/\/www.cronacaonline.it\/wp-content\/uploads\/2025\/05\/Tennis_-Paolini-regina-di-Roma-300x200.jpg 300w\" sizes=\"(max-width: 734px) 100vw, 734px\" \/><\/figure>\n\n\n\n<p>\"\u00c8 una giornata indimenticabile, bravissima\". Lo ha detto ad un giornalista dell'Ansa - il presidente della Repubblica, Sergio Mattarella, si \u00e8 complimentato con Jasmine Paolini. Il capo dello Stato avrebbe incontrato l'azzurra poco dopo la sua vittoria nella finale degli internazionali nella \u201clounge atleti\u201d del campo centrale del Foro Italico. \"Questa \u00e8 per lei\", ha detto Paolini con la coppa in mano. \"No, non la merito\", ha risposto Mattarella, che ha aggiunto \"si prepari per domani\", riferendosi alla finale del doppio femminile dell'azzurra, in coppia con Sara Errani.&nbsp;<\/p>\n","protected":false},"excerpt":{"rendered":"<p>Roma, 18 Magg 2025 \u2013 Felicit\u00e0 incontenibile per Jasmine Paolini, che riporta l\u2019Italia a vincere gli Internazionali d\u2019Italia dopo 40 anni! Un\u2019impresa magica. &#8220;Non mi&#8230;<\/p>\n","protected":false},"author":2,"featured_media":259967,"comment_status":"closed","ping_status":"open","sticky":false,"template":"","format":"standard","meta":[],"categories":[49,56],"tags":[],"_links":{"self":[{"href":"https:\/\/www.cronacaonline.it\/index.php\/wp-json\/wp\/v2\/posts\/259966"}],"collection":[{"href":"https:\/\/www.cronacaonline.it\/index.php\/wp-json\/wp\/v2\/posts"}],"about":[{"href":"https:\/\/www.cronacaonline.it\/index.php\/wp-json\/wp\/v2\/types\/post"}],"author":[{"embeddable":true,"href":"https:\/\/www.cronacaonline.it\/index.php\/wp-json\/wp\/v2\/users\/2"}],"replies":[{"embeddable":true,"href":"https:\/\/www.cronacaonline.it\/index.php\/wp-json\/wp\/v2\/comments?post=259966"}],"version-history":[{"count":1,"href":"https:\/\/www.cronacaonline.it\/index.php\/wp-json\/wp\/v2\/posts\/259966\/revisions"}],"predecessor-version":[{"id":259969,"href":"https:\/\/www.cronacaonline.it\/index.php\/wp-json\/wp\/v2\/posts\/259966\/revisions\/259969"}],"wp:featuredmedia":[{"embeddable":true,"href":"https:\/\/www.cronacaonline.it\/index.php\/wp-json\/wp\/v2\/media\/259967"}],"wp:attachment":[{"href":"https:\/\/www.cronacaonline.it\/index.php\/wp-json\/wp\/v2\/media?parent=259966"}],"wp:term":[{"taxonomy":"category","embeddable":true,"href":"https:\/\/www.cronacaonline.it\/index.php\/wp-json\/wp\/v2\/categories?post=259966"},{"taxonomy":"post_tag","embeddable":true,"href":"https:\/\/www.cronacaonline.it\/index.php\/wp-json\/wp\/v2\/tags?post=259966"}],"curies":[{"name":"wp","href":"https:\/\/api.w.org\/{rel}","templated":true}]}}