{"id":259848,"date":"2025-05-15T14:36:46","date_gmt":"2025-05-15T12:36:46","guid":{"rendered":"https:\/\/www.cronacaonline.it\/?p=259848"},"modified":"2025-05-15T14:36:49","modified_gmt":"2025-05-15T12:36:49","slug":"lassemblea-degli-azionisti-sogaer-approva-il-bilancio-24","status":"publish","type":"post","link":"https:\/\/www.cronacaonline.it\/index.php\/2025\/05\/15\/lassemblea-degli-azionisti-sogaer-approva-il-bilancio-24\/","title":{"rendered":"L\u2019assemblea degli azionisti Sogaer approva il bilancio \u201924."},"content":{"rendered":"\n<p>Cagliari, 15 Magg 2025 - L'Assemblea dei Soci di Sogaer, riunitasi oggi, ha approvato il Bilancio 2024, confermando il trend positivo che da anni caratterizza l\u2019Aeroporto di Cagliari e il Gruppo che lo gestisce.<\/p>\n\n\n\n<p>Il 2024 ha rappresentato un anno di particolare rilevanza per lo scalo e per l\u2019intera Sardegna. Per la prima volta nella sua storia, l\u2019Aeroporto di Cagliari ha superato la soglia dei 5 milioni di passeggeri annui (+6,3% rispetto al 2023), consolidando ulteriormente il proprio ruolo di principale porta d\u2019accesso all\u2019isola e snodo strategico per la connettivit\u00e0 territoriale.<\/p>\n\n\n\n<p>I risultati economici confermano la solidit\u00e0 e l\u2019equilibrio del modello di gestione del Gruppo. Il bilancio si \u00e8 chiuso con un utile netto di 10,5 milioni di euro e un Ebitda di Gruppo di 18 milioni di euro. A questi numeri si affianca una posizione finanziaria netta positiva e in miglioramento, pari a 43,5 milioni di euro.<\/p>\n\n\n\n<p>Accanto all\u2019approvazione del bilancio ordinario, l\u2019Assemblea ha preso atto della presentazione del Bilancio di Sostenibilit\u00e0 2024, redatto su base volontaria e in anticipo rispetto ai futuri obblighi normativi. Questo documento rappresenta un passaggio fondamentale nel percorso di rendicontazione trasparente e di consolidamento del dialogo con il territorio e con tutti gli stakeholder.<\/p>\n\n\n\n<p>La sostenibilit\u00e0 \u00e8 sempre pi\u00f9 integrata nelle strategie e nelle attivit\u00e0 del Gruppo, che ha continuato a lavorare per ridurre il proprio impatto ambientale e valorizzare le persone. La crescita dell\u2019aeroporto, infatti, si accompagna a un forte impegno verso il benessere della comunit\u00e0 locale, l\u2019inclusione e lo sviluppo delle competenze interne, oltre che alla promozione di un modello di gestione responsabile e orientato al lungo termine.<\/p>\n\n\n\n<p>L\u2019Assemblea dei Soci della societ\u00e0 di gestione dell\u2019Aeroporto di Cagliari ha confermato l\u2019attuale Consiglio d\u2019Amministrazione fino ad approvazione del bilancio 2025. Com<\/p>\n","protected":false},"excerpt":{"rendered":"<p>Cagliari, 15 Magg 2025 &#8211; L&#8217;Assemblea dei Soci di Sogaer, riunitasi oggi, ha approvato il Bilancio 2024, confermando il trend positivo che da anni caratterizza&#8230;<\/p>\n","protected":false},"author":2,"featured_media":2969,"comment_status":"closed","ping_status":"open","sticky":false,"template":"","format":"standard","meta":[],"categories":[49,53],"tags":[],"_links":{"self":[{"href":"https:\/\/www.cronacaonline.it\/index.php\/wp-json\/wp\/v2\/posts\/259848"}],"collection":[{"href":"https:\/\/www.cronacaonline.it\/index.php\/wp-json\/wp\/v2\/posts"}],"about":[{"href":"https:\/\/www.cronacaonline.it\/index.php\/wp-json\/wp\/v2\/types\/post"}],"author":[{"embeddable":true,"href":"https:\/\/www.cronacaonline.it\/index.php\/wp-json\/wp\/v2\/users\/2"}],"replies":[{"embeddable":true,"href":"https:\/\/www.cronacaonline.it\/index.php\/wp-json\/wp\/v2\/comments?post=259848"}],"version-history":[{"count":1,"href":"https:\/\/www.cronacaonline.it\/index.php\/wp-json\/wp\/v2\/posts\/259848\/revisions"}],"predecessor-version":[{"id":259849,"href":"https:\/\/www.cronacaonline.it\/index.php\/wp-json\/wp\/v2\/posts\/259848\/revisions\/259849"}],"wp:featuredmedia":[{"embeddable":true,"href":"https:\/\/www.cronacaonline.it\/index.php\/wp-json\/wp\/v2\/media\/2969"}],"wp:attachment":[{"href":"https:\/\/www.cronacaonline.it\/index.php\/wp-json\/wp\/v2\/media?parent=259848"}],"wp:term":[{"taxonomy":"category","embeddable":true,"href":"https:\/\/www.cronacaonline.it\/index.php\/wp-json\/wp\/v2\/categories?post=259848"},{"taxonomy":"post_tag","embeddable":true,"href":"https:\/\/www.cronacaonline.it\/index.php\/wp-json\/wp\/v2\/tags?post=259848"}],"curies":[{"name":"wp","href":"https:\/\/api.w.org\/{rel}","templated":true}]}}