{"id":259846,"date":"2025-05-15T14:36:04","date_gmt":"2025-05-15T12:36:04","guid":{"rendered":"https:\/\/www.cronacaonline.it\/?p=259846"},"modified":"2025-05-15T14:36:07","modified_gmt":"2025-05-15T12:36:07","slug":"cagliari-ospita-la-5a-edizione-di-giornate-del-respiro-dal-5-al-14-giugno","status":"publish","type":"post","link":"https:\/\/www.cronacaonline.it\/index.php\/2025\/05\/15\/cagliari-ospita-la-5a-edizione-di-giornate-del-respiro-dal-5-al-14-giugno\/","title":{"rendered":"Cagliari ospita la 5a edizione di Giornate del Respiro dal 5 al 14 giugno."},"content":{"rendered":"\n<p>Cagliari, 15 Magg 2025 - Dal 5 al 14 giugno 2025 Cagliari si trasforma in un palcoscenico diffuso grazie alla 5^ edizione del Festival Giornate del Respiro, promosso da Sardegna Teatro con il patrocinio del Comune di Cagliari.<\/p>\n\n\n\n<p>Alla presentazione di questa mattina di gioved\u00ec 15 maggio, non \u00e8 voluta mancare Marta Mereu, presidente della Commissione Cultura, spettacolo e turismo. Portati i saluti del sindaco Massimo Zedda, dell'assessora Maria Francesca Chiappe, della Commissione e dell'intera Amministrazione comunale di Cagliari, rivolgendo apprezzamenti per l'organizzazione del Festival, la consigliera incontrando i cronisti nella sala conferenze della Fondazione di Sardegna di via Salvatore Da Horta n. 2 ha parlato del Festival come di una manifestazione che invita a riflettere con profondit\u00e0 e urgenza sul nostro tempo.<\/p>\n\n\n\n<p>Il \u201crespiro\u201d, propone perci\u00f2 una chiave di lettura politica, sociale, di spazio, di possibilit\u00e0. A Cagliari, citt\u00e0 di frontiera e di vento, che \u201crespira con il mare e con le storie di chi la attraversa\u201d, iniziative come questa ricordano che la cultura, le arti performative sono uno strumento potente di trasformazione e non solo d'intrattenimento. Sprone gentile ma risoluto anche per le istituzioni, le Giornate del Respiro intrecciando arte, partecipazione e visione, confermandosi come un appuntamento di riferimento per la scena performativa italiana e internazionale.<\/p>\n\n\n\n<p>L\u2019edizione di questo 2025 segna inoltre l\u2019inizio della partecipazione italiana alla piattaforma europea IN SITU, dedicata alla creazione artistica negli spazi pubblici. A Cagliari si terr\u00e0 infatti il primo Immersive Lab \u2013 dal 6 all\u201911 giugno \u2013 che accoglier\u00e0 artisti e artiste provenienti da 27 Paesi europei, selezionati tra oltre 550 candidature, offrendo un\u2019occasione di confronto e formazione tra professionisti e professioniste del settore culturale.<\/p>\n\n\n\n<p>Performance site-specific, laboratori, incontri e cinema animeranno numerosi luoghi della citt\u00e0, da Sa Manifattura al Teatro delle Saline, dal Teatro Doglio al Lazzaretto e altri spazi urbani non convenzionali, portando a Cagliari tanti progetti tra prime nazionali e regionali, workshop, camminate artistiche, concerti e installazioni.<\/p>\n\n\n\n<p>Ad aprire il festival, gioved\u00ec 5 e venerd\u00ec 6 giugno (ore 18) al Teatro delle Saline, sar\u00e0 la performance itinerante \u201cDarkness Picnic\u201d del collettivo DOM-, un\u2019esplorazione notturna e poetica del paesaggio urbano, che si ispira liberamente al film Picnic at Hanging Rock di Peter Weir. La programmazione proseguir\u00e0 con \u201cTemporale\u201d di Silvia Calderoni e Ilenia Caleo (7-8 giugno a Sa Manifattura), in prima nazionale, e con la live installation \u201cDeserters\u201d di Chiara Bersani (7 giugno, Teatro Doglio), autrice tra le pi\u00f9 riconosciute della scena europea contemporanea.<\/p>\n\n\n\n<p>Numerose le artiste e gli artisti ospiti internazionali, come il collettivo Ateliersi con lo spettacolo We did it!, ambientato in un futuro ipotetico, Sara Leghissa con il progetto Pretend it\u2019s a toilet sull\u2019uso politico dello spazio pubblico (Bagni Pubblici in Piazza Costituzione), Antonio Tagliarini e Gaia Ginevra Giorgi con La foresta trabocca, dal romanzo di Maru Ayase, e la giovane Violetta Cottini, vincitrice della call \u201cERetici\u201d, con Do fairies have the tail?.<\/p>\n\n\n\n<p>Tra le novit\u00e0, il workshop gratuito di scrittura critica giornalistica per studenti universitari curato da Altre Velocit\u00e0 e Stratagemmi \u2013 Prospettive Teatrali, in collaborazione con l\u2019Universit\u00e0 di Cagliari, per la creazione di una rivista digitale sulle arti performative.<\/p>\n\n\n\n<p>Il programma prevede anche una speciale anteprima cinematografica a cura di Greta Boschetto in collaborazione con MUBi, con tre proiezioni a Sa Manifattura: The Girl with the Needle (30 maggio), Gasoline Rainbow (31 maggio), e Cow di Andrea Arnold (1 giugno), riflessioni in immagini su corpi, desideri e sguardi fuori norma.<\/p>\n\n\n\n<p>A chiudere il Festival, sabato 14 giugno all\u2019azienda Grendi \u2013 Porto Canale, sar\u00e0 la grande festa finale \u201cRepiro!\u201d, con installazioni, live set e performance, tra cui il concerto \u201cIl canto dell\u2019asino\u201d di Generic Animal, il laboratorio danzato \u201cLa gent amb qui vols ballar\u201d del collettivo spagnolo Losinformalls, e l\u2019after show di Basstation tra sonorit\u00e0 elettroniche e techno.<\/p>\n\n\n\n<p>\u201cGiornate del Respiro\u201d afferma il diritto universale alla respirazione, esplorando i diversi piani di oppressione e liberazione attraverso l\u2019arte e creando spazi capaci di trasformazione individuale e collettiva. Un festival che coniuga creazione, resistenza e immaginazione, per \u201ccospirare\u201d \u2013 nel suo significato etimologico di \u201crespirare insieme\u201d \u2013 in un mondo sempre pi\u00f9 irrespirabile.<\/p>\n\n\n\n<p>La manifestazione \u00e8 accompagnata dalla pagina web<a href=\"https:\/\/www.giornatedelrespiro.it\/,\" target=\"_blank\" rel=\"noreferrer noopener\">&nbsp;https:\/\/www.giornatedelrespiro.it\/,&nbsp;<\/a>attraverso cui consultare il calendario completo degli appuntamenti, prenotare biglietti e abbonamenti per assistere agli eventi. Com<\/p>\n","protected":false},"excerpt":{"rendered":"<p>Cagliari, 15 Magg 2025 &#8211; Dal 5 al 14 giugno 2025 Cagliari si trasforma in un palcoscenico diffuso grazie alla 5^ edizione del Festival Giornate&#8230;<\/p>\n","protected":false},"author":2,"featured_media":258347,"comment_status":"closed","ping_status":"open","sticky":false,"template":"","format":"standard","meta":[],"categories":[49,53],"tags":[],"_links":{"self":[{"href":"https:\/\/www.cronacaonline.it\/index.php\/wp-json\/wp\/v2\/posts\/259846"}],"collection":[{"href":"https:\/\/www.cronacaonline.it\/index.php\/wp-json\/wp\/v2\/posts"}],"about":[{"href":"https:\/\/www.cronacaonline.it\/index.php\/wp-json\/wp\/v2\/types\/post"}],"author":[{"embeddable":true,"href":"https:\/\/www.cronacaonline.it\/index.php\/wp-json\/wp\/v2\/users\/2"}],"replies":[{"embeddable":true,"href":"https:\/\/www.cronacaonline.it\/index.php\/wp-json\/wp\/v2\/comments?post=259846"}],"version-history":[{"count":1,"href":"https:\/\/www.cronacaonline.it\/index.php\/wp-json\/wp\/v2\/posts\/259846\/revisions"}],"predecessor-version":[{"id":259847,"href":"https:\/\/www.cronacaonline.it\/index.php\/wp-json\/wp\/v2\/posts\/259846\/revisions\/259847"}],"wp:featuredmedia":[{"embeddable":true,"href":"https:\/\/www.cronacaonline.it\/index.php\/wp-json\/wp\/v2\/media\/258347"}],"wp:attachment":[{"href":"https:\/\/www.cronacaonline.it\/index.php\/wp-json\/wp\/v2\/media?parent=259846"}],"wp:term":[{"taxonomy":"category","embeddable":true,"href":"https:\/\/www.cronacaonline.it\/index.php\/wp-json\/wp\/v2\/categories?post=259846"},{"taxonomy":"post_tag","embeddable":true,"href":"https:\/\/www.cronacaonline.it\/index.php\/wp-json\/wp\/v2\/tags?post=259846"}],"curies":[{"name":"wp","href":"https:\/\/api.w.org\/{rel}","templated":true}]}}