{"id":259833,"date":"2025-05-15T11:04:43","date_gmt":"2025-05-15T09:04:43","guid":{"rendered":"https:\/\/www.cronacaonline.it\/?p=259833"},"modified":"2025-05-15T11:04:45","modified_gmt":"2025-05-15T09:04:45","slug":"monumenti-aperti-sotterranei-e-tesori-del-san-giovanni-di-dio-di-cagliari-in-mostra-sabato-17-e-domenica-18-maggio-visite-guidate-dalle-9-alle-20","status":"publish","type":"post","link":"https:\/\/www.cronacaonline.it\/index.php\/2025\/05\/15\/monumenti-aperti-sotterranei-e-tesori-del-san-giovanni-di-dio-di-cagliari-in-mostra-sabato-17-e-domenica-18-maggio-visite-guidate-dalle-9-alle-20\/","title":{"rendered":"Monumenti aperti, sotterranei e tesori del San Giovanni di Dio di Cagliari in mostra, sabato 17 e domenica 18 maggio visite guidate, dalle 9 alle 20."},"content":{"rendered":"\n<p>Cagliari, 15 Magg 2025.\u00a0Il San Giovanni di Dio partecipa alla ventinovesima edizione di Monumenti aperti. Sabato 17 e domenica 18 maggio, dalle 9 alle 20, sar\u00e0 possibile visitare i sotterranei e le opere d\u2019arte dell\u2019ospedale dell\u2019Azienda ospedaliero universitaria di Cagliari, il pi\u00f9 antico della citt\u00e0 progettato da Gaetano Cima. Sabato, si terr\u00e0 anche la Terza Giornata della Farmacovigilanza con gli specialisti dell\u2019Aou di Cagliari.<\/p>\n\n\n\n<p>Le visite per Monumenti aperti saranno guidate da quaranta studenti del liceo scientifico Pacinotti di Cagliari, accompagnati dai loro docenti e dai volontari dell\u2019associazione Mariposa, che raggruppa dipendenti ed ex lavoratori dell\u2019Aou di Cagliari, attivi nella valorizzazione del patrimonio culturale del presidio.<\/p>\n\n\n\n<p>All\u2019interno dell\u2019ospedale, i visitatori potranno ammirare i dipinti e i busti dei pi\u00f9 illustri cittadini e benefattori dell\u2019ospedale, e scoprire i suggestivi sotterranei, salvezza per molti cagliaritani durante i bombardamenti della Seconda Guerra Mondiale.<\/p>\n\n\n\n<p>Inoltre, sabato 17, dalle 10 alle 13, sempre al San Giovanni di Dio, sar\u00e0 allestito un punto informativo (nello spazio parcheggi, sopra la Farmacia ospedaliera) in occasione della terza Giornata Regionale della Farmacovigilanza. Medici e farmacisti dell\u2019Aou di Cagliari e del Centro Regionale di Farmacovigilanza della Regione Sardegna, incontreranno i cittadini per parlare di medicinali, dei loro effetti e sensibilizzarli al corretto uso. Com<\/p>\n","protected":false},"excerpt":{"rendered":"<p>Cagliari, 15 Magg 2025.\u00a0Il San Giovanni di Dio partecipa alla ventinovesima edizione di Monumenti aperti. Sabato 17 e domenica 18 maggio, dalle 9 alle 20,&#8230;<\/p>\n","protected":false},"author":2,"featured_media":256133,"comment_status":"closed","ping_status":"open","sticky":false,"template":"","format":"standard","meta":[],"categories":[49,53],"tags":[],"_links":{"self":[{"href":"https:\/\/www.cronacaonline.it\/index.php\/wp-json\/wp\/v2\/posts\/259833"}],"collection":[{"href":"https:\/\/www.cronacaonline.it\/index.php\/wp-json\/wp\/v2\/posts"}],"about":[{"href":"https:\/\/www.cronacaonline.it\/index.php\/wp-json\/wp\/v2\/types\/post"}],"author":[{"embeddable":true,"href":"https:\/\/www.cronacaonline.it\/index.php\/wp-json\/wp\/v2\/users\/2"}],"replies":[{"embeddable":true,"href":"https:\/\/www.cronacaonline.it\/index.php\/wp-json\/wp\/v2\/comments?post=259833"}],"version-history":[{"count":1,"href":"https:\/\/www.cronacaonline.it\/index.php\/wp-json\/wp\/v2\/posts\/259833\/revisions"}],"predecessor-version":[{"id":259834,"href":"https:\/\/www.cronacaonline.it\/index.php\/wp-json\/wp\/v2\/posts\/259833\/revisions\/259834"}],"wp:featuredmedia":[{"embeddable":true,"href":"https:\/\/www.cronacaonline.it\/index.php\/wp-json\/wp\/v2\/media\/256133"}],"wp:attachment":[{"href":"https:\/\/www.cronacaonline.it\/index.php\/wp-json\/wp\/v2\/media?parent=259833"}],"wp:term":[{"taxonomy":"category","embeddable":true,"href":"https:\/\/www.cronacaonline.it\/index.php\/wp-json\/wp\/v2\/categories?post=259833"},{"taxonomy":"post_tag","embeddable":true,"href":"https:\/\/www.cronacaonline.it\/index.php\/wp-json\/wp\/v2\/tags?post=259833"}],"curies":[{"name":"wp","href":"https:\/\/api.w.org\/{rel}","templated":true}]}}