{"id":259768,"date":"2025-05-14T11:12:59","date_gmt":"2025-05-14T09:12:59","guid":{"rendered":"https:\/\/www.cronacaonline.it\/?p=259768"},"modified":"2025-05-14T11:13:02","modified_gmt":"2025-05-14T09:13:02","slug":"silvia-amelia-pirarba-e-il-nuovo-direttore-dellarea-dipendenze-patologiche-della-asl-ogliastra","status":"publish","type":"post","link":"https:\/\/www.cronacaonline.it\/index.php\/2025\/05\/14\/silvia-amelia-pirarba-e-il-nuovo-direttore-dellarea-dipendenze-patologiche-della-asl-ogliastra\/","title":{"rendered":"Silvia Amelia Pirarba \u00e8 il nuovo direttore dell&#8217;Area Dipendenze Patologiche della Asl Ogliastra."},"content":{"rendered":"\n<p>Lanusei, 14 Magg 2025 \u2013 Silvia Amelia Pirarba \u00e8 il nuovo direttore della struttura complessa Area Dipendenze Patologiche della Asl Ogliastra. La psichiatra ha assunto la direzione di questo importante<br>servizio, dopo aver vinto il concorso che Ares Sardegna ha bandito per l'azienda socio-sanitaria ogliastrina nei mesi scorsi. L'arrivo della dottoressa Pirarba rappresenta un ulteriore tassello che va a rinforzare la sanit\u00e0 territoriale, a distanza di poche settimane dall'insediamento del dottor Salvatore Sinatra come direttore del servizio Cure Palliative.<\/p>\n\n\n\n<p>Silvia Amelia Pirarba, classe 1977, ogliastrina, si \u00e8 laureata in Medicina e Chirurgia all'universit\u00e0 degli studi di Cagliari (2005) e si \u00e8 specializzata in Psichiatria (2009), sempre nell'ateneo cagliaritano.<br>Lo scorso anno ha conseguito un master di secondo livello in Medicina delle Dipendenze (Unicamillus Roma). Inizia il suo percorso professionale a Cagliari, con una collaborazione con il SerD del capoluogo sardo, nell'ambito del progetto \"Centro Crisi per persone con problematiche di abuso dipendenza\". Nel 2011 il ritorno in Ogliastra, dove la dottoressa Pirarba ha lavorato per il Centro di Salute Mentale<br>di Tortol\u00ec e Lanusei, come dirigente medico psichiatra. Dal 2013 al 2019 lavora di nuovo per la Asl di Cagliari, dove ha operato nel Csm di Senorb\u00ec. Dopo l'esperienza in Trexenta, ritorna al SerD di Cagliari nel 2019, dove dal 2024 ha ricoperto il ruolo di responsabile della Struttura Semplice afferente al servizio \"Disturbi uso di sostanze area Senorb\u00ec- Isili- Muravera\".<\/p>\n\n\n\n<p>\u00abQui in Ogliastra ho trovato un gruppo di lavoro con grandi competenze e professionalit\u00e0 \u2013 osserva la dottoressa Pirarba - ed \u00e8 evidente che esiste un importante lavoro pregresso. Il mio impegno - prosegue il neo direttore - sar\u00e0 volto a garantire continuit\u00e0 con le attivit\u00e0 svolte sino ad ora, puntando su un approccio multidisciplinare e integrato che da sempre caratterizza i SerD\u00bb. La dottoressa Pirarba passa poi a spiegare quali saranno i suoi primi passi alla guida della struttura.<br>\u00abIntendo implementare il lavoro di rete con gli altri servizi socio sanitari del territorio, in un contesto operativo di co-progettazione.<br>Inoltre \u2013 aggiunge la psichiatra \u2013 lavoreremo per potenziare il rapporto di collaborazione con i reparti ospedalieri, sempre nell'ottica di fornire al paziente con bisogni sanitari complessi, un servizio di tipo<br>integrato e interdisciplinare.<br>Un altro punto su cui il neo direttore intende focalizzare il suo operato \u00e8 la promozione di attivit\u00e0 di sensibilizzazione e prevenzione, temi di importanza cruciale in questo campo. \u00abUno dei miei obiettivi<br>principali \u00e8 quello di diffondere la cultura sulla problematica della dipendenza, sensibilizzando la popolazione, le istituzioni e gli operatori, in un'ottica volta al superamento dello stigma. &nbsp;Com<\/p>\n","protected":false},"excerpt":{"rendered":"<p>Lanusei, 14 Magg 2025 \u2013 Silvia Amelia Pirarba \u00e8 il nuovo direttore della struttura complessa Area Dipendenze Patologiche della Asl Ogliastra. La psichiatra ha assunto&#8230;<\/p>\n","protected":false},"author":2,"featured_media":259769,"comment_status":"closed","ping_status":"open","sticky":false,"template":"","format":"standard","meta":[],"categories":[49,53],"tags":[],"_links":{"self":[{"href":"https:\/\/www.cronacaonline.it\/index.php\/wp-json\/wp\/v2\/posts\/259768"}],"collection":[{"href":"https:\/\/www.cronacaonline.it\/index.php\/wp-json\/wp\/v2\/posts"}],"about":[{"href":"https:\/\/www.cronacaonline.it\/index.php\/wp-json\/wp\/v2\/types\/post"}],"author":[{"embeddable":true,"href":"https:\/\/www.cronacaonline.it\/index.php\/wp-json\/wp\/v2\/users\/2"}],"replies":[{"embeddable":true,"href":"https:\/\/www.cronacaonline.it\/index.php\/wp-json\/wp\/v2\/comments?post=259768"}],"version-history":[{"count":1,"href":"https:\/\/www.cronacaonline.it\/index.php\/wp-json\/wp\/v2\/posts\/259768\/revisions"}],"predecessor-version":[{"id":259770,"href":"https:\/\/www.cronacaonline.it\/index.php\/wp-json\/wp\/v2\/posts\/259768\/revisions\/259770"}],"wp:featuredmedia":[{"embeddable":true,"href":"https:\/\/www.cronacaonline.it\/index.php\/wp-json\/wp\/v2\/media\/259769"}],"wp:attachment":[{"href":"https:\/\/www.cronacaonline.it\/index.php\/wp-json\/wp\/v2\/media?parent=259768"}],"wp:term":[{"taxonomy":"category","embeddable":true,"href":"https:\/\/www.cronacaonline.it\/index.php\/wp-json\/wp\/v2\/categories?post=259768"},{"taxonomy":"post_tag","embeddable":true,"href":"https:\/\/www.cronacaonline.it\/index.php\/wp-json\/wp\/v2\/tags?post=259768"}],"curies":[{"name":"wp","href":"https:\/\/api.w.org\/{rel}","templated":true}]}}