{"id":259729,"date":"2025-05-13T11:34:11","date_gmt":"2025-05-13T09:34:11","guid":{"rendered":"https:\/\/www.cronacaonline.it\/?p=259729"},"modified":"2025-05-13T11:34:13","modified_gmt":"2025-05-13T09:34:13","slug":"digitale-intelligenza-artificiale-e-metaverso-opportunita-e-rischi-per-cittadini-giornalisti-e-comunicatori-a-cagliari-venerdi-16-maggio-fa-tappa-il-decennale-di-pa-social-evento-accreditato-dall","status":"publish","type":"post","link":"https:\/\/www.cronacaonline.it\/index.php\/2025\/05\/13\/digitale-intelligenza-artificiale-e-metaverso-opportunita-e-rischi-per-cittadini-giornalisti-e-comunicatori-a-cagliari-venerdi-16-maggio-fa-tappa-il-decennale-di-pa-social-evento-accreditato-dall\/","title":{"rendered":"Digitale, intelligenza artificiale e metaverso, opportunit\u00e0 e rischi per cittadini, giornalisti e comunicatori. A Cagliari venerd\u00ec 16 maggio fa tappa il decennale di PA Social. Evento accreditato dall\u2019Ordine dei giornalisti."},"content":{"rendered":"\n<p>Cagliari, 13 Magg 2025.\u00a0Venerd\u00ec\u00a016 maggio, dalle ore\u00a09,30 alle 13,30, l\u2019Aula Motzo della Facolt\u00e0 di Studi Umanistici dell\u2019Universit\u00e0 degli Studi di Cagliari\u00a0(via Is Mirrionis 1, Polo Sa Duchessa) ospiter\u00e0 il convegno\u00a0\u201cLa comunicazione pubblica tra digitale, intelligenza artificiale e Metaverso\u201d, organizzato da\u00a0PA Social, in collaborazione con l\u2019Azienda ospedaliero-universitaria di Cagliari, l\u2019Universit\u00e0 degli Studi di Cagliari,\u00a0Pfizer,\u00a0Abaco srl\u00a0e numerosi partner istituzionali e aziendali.<\/p>\n\n\n\n<p>Un\u2019occasione di confronto che riunir\u00e0 rappresentanti del&nbsp;mondo accademico,&nbsp;istituzionale,&nbsp;sanitario&nbsp;e del&nbsp;giornalismo&nbsp;per approfondire il ruolo della comunicazione pubblica nell\u2019era digitale, con un focus sulle nuove tecnologie, i servizi al cittadino e le sfide poste dall\u2019intelligenza artificiale e dal Metaverso.&nbsp;L\u2019evento assegner\u00e0 5 crediti professionali ai giornalisti&nbsp;che potranno iscriversi all\u2019evento sulla piattaforma formativa dell\u2019Ordine dei Giornalisti<a href=\"https:\/\/www.formazionegiornalisti.it\/\" target=\"_blank\" rel=\"noreferrer noopener\">&nbsp;https:\/\/www.formazionegiornalisti.it<\/a><\/p>\n\n\n\n<p>I lavori si apriranno con i saluti istituzionali e l\u2019introduzione del presidente di PA Social,&nbsp;Francesco Di Costanzo. Successivamente, la mattinata proseguir\u00e0 con&nbsp;quattro sessioni tematiche. La prima affronter\u00e0 un focus su&nbsp;intelligenza artificiale e Metaverso applicati alla sanit\u00e0, moderata da&nbsp;Roberta Mochi, dirigente Ufficio Stampa, Social Media Manager Asl Roma 1 e coordinatrice nazionale del Tavolo Sanit\u00e0 di PA Social.<\/p>\n\n\n\n<p>A seguire, si terr\u00e0 un approfondimento sui&nbsp;servizi digitali della pubblica amministrazione, moderato da&nbsp;Maria Stefania Podda, Responsabile Comunicazione Istituzionale della Regione Sardegna e coordinatrice di PA Social Sardegna.<\/p>\n\n\n\n<p>La terza sessione sar\u00e0 invece dedicata a una riflessione sui&nbsp;pericoli e le opportunit\u00e0 dell\u2019intelligenza artificiale, moderata da&nbsp;Alessandra Casu, comunicatrice dell\u2019Universit\u00e0 degli Studi di Sassari e coordinatrice di PA Social Sardegna.<\/p>\n\n\n\n<p>Infine, l\u2019ultima parte dell\u2019incontro, moderata da&nbsp;Fabrizio Meloni, dirigente Comunicazione e Relazioni Esterne dell\u2019AOU Cagliari e coordinatore nazionale del Tavolo Sanit\u00e0 di PA Social, esplorer\u00e0&nbsp;l\u2019intelligenza artificiale all\u2019interno del mondo giornalistico. Com<\/p>\n","protected":false},"excerpt":{"rendered":"<p>Cagliari, 13 Magg 2025.\u00a0Venerd\u00ec\u00a016 maggio, dalle ore\u00a09,30 alle 13,30, l\u2019Aula Motzo della Facolt\u00e0 di Studi Umanistici dell\u2019Universit\u00e0 degli Studi di Cagliari\u00a0(via Is Mirrionis 1, Polo&#8230;<\/p>\n","protected":false},"author":2,"featured_media":259730,"comment_status":"closed","ping_status":"open","sticky":false,"template":"","format":"standard","meta":[],"categories":[49,53],"tags":[],"_links":{"self":[{"href":"https:\/\/www.cronacaonline.it\/index.php\/wp-json\/wp\/v2\/posts\/259729"}],"collection":[{"href":"https:\/\/www.cronacaonline.it\/index.php\/wp-json\/wp\/v2\/posts"}],"about":[{"href":"https:\/\/www.cronacaonline.it\/index.php\/wp-json\/wp\/v2\/types\/post"}],"author":[{"embeddable":true,"href":"https:\/\/www.cronacaonline.it\/index.php\/wp-json\/wp\/v2\/users\/2"}],"replies":[{"embeddable":true,"href":"https:\/\/www.cronacaonline.it\/index.php\/wp-json\/wp\/v2\/comments?post=259729"}],"version-history":[{"count":1,"href":"https:\/\/www.cronacaonline.it\/index.php\/wp-json\/wp\/v2\/posts\/259729\/revisions"}],"predecessor-version":[{"id":259731,"href":"https:\/\/www.cronacaonline.it\/index.php\/wp-json\/wp\/v2\/posts\/259729\/revisions\/259731"}],"wp:featuredmedia":[{"embeddable":true,"href":"https:\/\/www.cronacaonline.it\/index.php\/wp-json\/wp\/v2\/media\/259730"}],"wp:attachment":[{"href":"https:\/\/www.cronacaonline.it\/index.php\/wp-json\/wp\/v2\/media?parent=259729"}],"wp:term":[{"taxonomy":"category","embeddable":true,"href":"https:\/\/www.cronacaonline.it\/index.php\/wp-json\/wp\/v2\/categories?post=259729"},{"taxonomy":"post_tag","embeddable":true,"href":"https:\/\/www.cronacaonline.it\/index.php\/wp-json\/wp\/v2\/tags?post=259729"}],"curies":[{"name":"wp","href":"https:\/\/api.w.org\/{rel}","templated":true}]}}