{"id":259725,"date":"2025-05-13T10:34:54","date_gmt":"2025-05-13T08:34:54","guid":{"rendered":"https:\/\/www.cronacaonline.it\/?p=259725"},"modified":"2025-05-13T10:34:56","modified_gmt":"2025-05-13T08:34:56","slug":"sassari-aou-avanguardia-nella-radioterapia-per-i-tumori","status":"publish","type":"post","link":"https:\/\/www.cronacaonline.it\/index.php\/2025\/05\/13\/sassari-aou-avanguardia-nella-radioterapia-per-i-tumori\/","title":{"rendered":"Sassari Aou, avanguardia nella radioterapia per i tumori."},"content":{"rendered":"\n<p>Sassari, 13 Magg 2025 - Sar\u00e0 operativo dal prossimo mese, a Sassari, un nuovo sistema radioterapico all\u2019avanguardia in Italia. E\u2019 infatti in fase di ultimazione, presso l\u2019Aou, l\u2019allestimento di un macchinario tomoterapico di ultimissima generazione: \u201cRadixact\u201d,\u00a0che utilizza la radioterapia a spirale a guida d'immagine e modulazione di intensit\u00e0.\u00a0Una\u00a0tecnologia\u00a0che\u00a0permette di erogare il trattamento\u00a0chemioterapico\u00a0con maggiore precisione e controllo, minimizzando gli effetti collaterali e massimizzando l'efficacia.\u00a0La\u00a0tomoterapia\u00a0consente una migliore\u00a0applicazione\u00a0grazie a una maggiore irradiazione del bersaglio, con la possibilit\u00e0 di trattarlo\u00a0anche\u00a0in una sola seduta\u00a0e\u00a0con dosi pi\u00f9 efficaci.<\/p>\n\n\n\n<p>Lo ha annunciato&nbsp;il fisico medico, Piergiorgio Marini, relatore all\u2019Ecm organizzato dall\u2019Ordine dei medici chirurghi e degli odontoiatri, che si \u00e8 svolto sabato scorso nella sala conferenza dell\u2019Hotel Grazia Deledda di Sassari. La giornata di aggiornamento, che si \u00e8 aperta con i saluti del presidente, Salvatore Lorenzoni, \u00e8 stata presentata da Daniela Soro, responsabile scientifico del corso&nbsp;\u201cLa radioprotezione del Paziente nella diagnosi e terapia del tumore polmonare\u201d. Durante la giornata formativa moderata da&nbsp;Carlo Putzu e Giommaria Fadda&nbsp;sono state focalizzate le nuove conoscenze relative alla radioprotezione, dalla diagnosi alla terapia.<\/p>\n\n\n\n<p>Particolare attenzione&nbsp;\u00e8 stata&nbsp;data all\u2019adeguata informazione del paziente sull\u2019indagine proposta, e alla scelta delle metodiche pi\u00f9 appropriate da utilizzare, con il fine specifico di ottenere una diagnosi corretta e proteggere le persone da esposizioni non necessarie.&nbsp;Tra i relatori: Angela Spanu, Paola Crivelli e Salvatrice Campoccia. Non sono potuti intervenire diversi medici di medicina nucleare, impegnati da circa tre mesi ad \u201cistruire\u201d il nuovo macchinario tomoterapico, in dotazione all\u2019Aou, e che porter\u00e0 la sanit\u00e0 chemioterapica sassarese, dal prossimo giugno, tra le eccellenze italiane.<\/p>\n\n\n\n<p>Nel corso dei lavori dell\u2019Ecm si \u00e8 ribadita la responsabilit\u00e0 del medico radiologo su esami e dosi irradianti, l\u2019obbligatoriet\u00e0 per i medici di prescrivere solo esami giustificati e la sanzionabilit\u00e0 delle prescrizioni radiologiche inutili, ma soprattutto \u00e8 stato sottolineato che ogni atto scritto (prescrizioni, diagnosi e terapie) deve essere leggibile e comprensibile, evitando soprattutto le sigle e fornendo tutte le informazioni utili per una gestione multidisciplinare del paziente, anche al fine di una maggiore tutela tramite &nbsp;la medicina difensiva da parte della categoria sanitaria.&nbsp;Com<\/p>\n","protected":false},"excerpt":{"rendered":"<p>Sassari, 13 Magg 2025 &#8211; Sar\u00e0 operativo dal prossimo mese, a Sassari, un nuovo sistema radioterapico all\u2019avanguardia in Italia. E\u2019 infatti in fase di ultimazione,&#8230;<\/p>\n","protected":false},"author":2,"featured_media":209645,"comment_status":"closed","ping_status":"open","sticky":false,"template":"","format":"standard","meta":[],"categories":[49,53],"tags":[],"_links":{"self":[{"href":"https:\/\/www.cronacaonline.it\/index.php\/wp-json\/wp\/v2\/posts\/259725"}],"collection":[{"href":"https:\/\/www.cronacaonline.it\/index.php\/wp-json\/wp\/v2\/posts"}],"about":[{"href":"https:\/\/www.cronacaonline.it\/index.php\/wp-json\/wp\/v2\/types\/post"}],"author":[{"embeddable":true,"href":"https:\/\/www.cronacaonline.it\/index.php\/wp-json\/wp\/v2\/users\/2"}],"replies":[{"embeddable":true,"href":"https:\/\/www.cronacaonline.it\/index.php\/wp-json\/wp\/v2\/comments?post=259725"}],"version-history":[{"count":1,"href":"https:\/\/www.cronacaonline.it\/index.php\/wp-json\/wp\/v2\/posts\/259725\/revisions"}],"predecessor-version":[{"id":259726,"href":"https:\/\/www.cronacaonline.it\/index.php\/wp-json\/wp\/v2\/posts\/259725\/revisions\/259726"}],"wp:featuredmedia":[{"embeddable":true,"href":"https:\/\/www.cronacaonline.it\/index.php\/wp-json\/wp\/v2\/media\/209645"}],"wp:attachment":[{"href":"https:\/\/www.cronacaonline.it\/index.php\/wp-json\/wp\/v2\/media?parent=259725"}],"wp:term":[{"taxonomy":"category","embeddable":true,"href":"https:\/\/www.cronacaonline.it\/index.php\/wp-json\/wp\/v2\/categories?post=259725"},{"taxonomy":"post_tag","embeddable":true,"href":"https:\/\/www.cronacaonline.it\/index.php\/wp-json\/wp\/v2\/tags?post=259725"}],"curies":[{"name":"wp","href":"https:\/\/api.w.org\/{rel}","templated":true}]}}