{"id":259709,"date":"2025-05-12T20:15:00","date_gmt":"2025-05-12T18:15:00","guid":{"rendered":"https:\/\/www.cronacaonline.it\/?p=259709"},"modified":"2025-05-12T20:15:02","modified_gmt":"2025-05-12T18:15:02","slug":"trasporto-in-cabina-di-pet-aeroitalia-nel-gruppo-di-lavoro-di-enac-intrieri-il-benessere-degli-animali-a-bordo-un-diritto-non-un-privilegio","status":"publish","type":"post","link":"https:\/\/www.cronacaonline.it\/index.php\/2025\/05\/12\/trasporto-in-cabina-di-pet-aeroitalia-nel-gruppo-di-lavoro-di-enac-intrieri-il-benessere-degli-animali-a-bordo-un-diritto-non-un-privilegio\/","title":{"rendered":"Trasporto in cabina di pet, Aeroitalia nel gruppo di lavoro di Enac. Intrieri: &#8220;Il benessere degli animali a bordo un diritto, non un privilegio&#8221;."},"content":{"rendered":"\n<p>Roma, 12 Magg - Aeroitalia ha preso parte all\u2019iniziativa culminata nell\u2019approvazione da parte del cda di Enac della delibera che consente il trasporto in cabina di PET superando le attuali limitazioni previste con l\u2019adozione di procedure dedicate.<br>La compagnia, rappresentata dal legale Emanuela Lanzi, e con il contributo degli ingeneri Antenor Silva Neto e Marco Mantovanelli, ha contribuito ai lavori del gruppo istituito dall\u2019Ente per esaminare i profili tecnici e normativi relativi al trasporto di animali domestici a bordo degli aerei.<br>Durante i lavori sono state analizzate le problematiche relative alle difficolt\u00e0 rilevate dai passeggeri di viaggiare con i propri animali domestici, valutando la possibilit\u00e0 di elaborare le linee guida volte ad estendere tale possibilit\u00e0. Gi\u00e0 prima dell\u2019approvazione della nuova normativa, la compagnia si era mostrata pet- friendly lavorando per aumentare la soglia di peso degli animali trasportabili in cabina con trasportino da 8 fino a 12 kg. E coerentemente con i propri valori, ha sempre scelto di non imbarcare animali in stiva, ritenendo questa pratica potenzialmente pericolosa per la loro salute e sicurezza.<\/p>\n\n\n\n<p>\"Dopo la delibera dell\u2019Enac la macchina organizzativa \u00e8 stata avviata per consentire un adeguamento rapido e per garantire un'esperienza di viaggio sicura agli animali. Deve essere un diritto accessibile, non un privilegio, e per questo continueremo a lavorare affinch\u00e9 il trasporto aereo sia sempre pi\u00f9 attento alle esigenze affettive dei nostri passeggeri. Ringrazio l\u2019avvocato Lanzi e gli ingegneri per il lavoro svolto\u201d, ha dichiarato l\u2019amministratore delegato di Aeroitalia Gaetano Intrieri. Com<\/p>\n","protected":false},"excerpt":{"rendered":"<p>Roma, 12 Magg &#8211; Aeroitalia ha preso parte all\u2019iniziativa culminata nell\u2019approvazione da parte del cda di Enac della delibera che consente il trasporto in cabina&#8230;<\/p>\n","protected":false},"author":2,"featured_media":257629,"comment_status":"closed","ping_status":"open","sticky":false,"template":"","format":"standard","meta":[],"categories":[49,53],"tags":[],"_links":{"self":[{"href":"https:\/\/www.cronacaonline.it\/index.php\/wp-json\/wp\/v2\/posts\/259709"}],"collection":[{"href":"https:\/\/www.cronacaonline.it\/index.php\/wp-json\/wp\/v2\/posts"}],"about":[{"href":"https:\/\/www.cronacaonline.it\/index.php\/wp-json\/wp\/v2\/types\/post"}],"author":[{"embeddable":true,"href":"https:\/\/www.cronacaonline.it\/index.php\/wp-json\/wp\/v2\/users\/2"}],"replies":[{"embeddable":true,"href":"https:\/\/www.cronacaonline.it\/index.php\/wp-json\/wp\/v2\/comments?post=259709"}],"version-history":[{"count":1,"href":"https:\/\/www.cronacaonline.it\/index.php\/wp-json\/wp\/v2\/posts\/259709\/revisions"}],"predecessor-version":[{"id":259710,"href":"https:\/\/www.cronacaonline.it\/index.php\/wp-json\/wp\/v2\/posts\/259709\/revisions\/259710"}],"wp:featuredmedia":[{"embeddable":true,"href":"https:\/\/www.cronacaonline.it\/index.php\/wp-json\/wp\/v2\/media\/257629"}],"wp:attachment":[{"href":"https:\/\/www.cronacaonline.it\/index.php\/wp-json\/wp\/v2\/media?parent=259709"}],"wp:term":[{"taxonomy":"category","embeddable":true,"href":"https:\/\/www.cronacaonline.it\/index.php\/wp-json\/wp\/v2\/categories?post=259709"},{"taxonomy":"post_tag","embeddable":true,"href":"https:\/\/www.cronacaonline.it\/index.php\/wp-json\/wp\/v2\/tags?post=259709"}],"curies":[{"name":"wp","href":"https:\/\/api.w.org\/{rel}","templated":true}]}}