{"id":259599,"date":"2025-05-09T16:36:44","date_gmt":"2025-05-09T14:36:44","guid":{"rendered":"https:\/\/www.cronacaonline.it\/?p=259599"},"modified":"2025-05-09T16:36:45","modified_gmt":"2025-05-09T14:36:45","slug":"asl-sassari-dialogo-e-ascolto-per-creare-spirito-di-comunita-e-di-sistema","status":"publish","type":"post","link":"https:\/\/www.cronacaonline.it\/index.php\/2025\/05\/09\/asl-sassari-dialogo-e-ascolto-per-creare-spirito-di-comunita-e-di-sistema\/","title":{"rendered":"Asl Sassari &#8211; \u201cDialogo e ascolto per creare spirito di comunit\u00e0 e di sistema\u201d."},"content":{"rendered":"\n<p>Sassari, 9 Magg 2025 \u2013 \u201cAscoltare la voce degli operatori, valutare le potenzialit\u00e0 e affrontare insieme le criticit\u00e0\u201d, con questo spirito il commissario della Asl di Sassari, Paolo Tauro, ha iniziato sin dal primo giorno di insediamento una serie di incontro con gli operatori dell\u2019Asl 1.<\/p>\n\n\n\n<p>Nel primo giorno di insediamento ha incontrato i direttori delle strutture tecnico-amministrative dell\u2019azienda, i vertici dell\u2019ordine dei medici, oltre ai rappresentanti dell\u2019Aou, per proseguire in quel percorso di collaborazione gi\u00e0 avviato, \u201cnell\u2019ottica di potenziamento di una rete capillare ospedale-universit\u00e0-territorio\u201d, spiega Tauro.<\/p>\n\n\n\n<figure class=\"wp-block-image size-full is-resized\"><img loading=\"lazy\" src=\"https:\/\/www.cronacaonline.it\/wp-content\/uploads\/2025\/05\/Medicina-del-Civile.jpg\" alt=\"\" class=\"wp-image-259601\" width=\"734\" height=\"489\" srcset=\"https:\/\/www.cronacaonline.it\/wp-content\/uploads\/2025\/05\/Medicina-del-Civile.jpg 600w, https:\/\/www.cronacaonline.it\/wp-content\/uploads\/2025\/05\/Medicina-del-Civile-300x200.jpg 300w\" sizes=\"(max-width: 734px) 100vw, 734px\" \/><\/figure>\n\n\n\n<p>Nel suo secondo giorno di insediamento il commissario straordinario ha voluto fare un tour completo dell\u2019ospedale Civile di Alghero, a cui seguir\u00e0 la prossima settimana la visita al \u201cSegni\u201d di Ozieri. Ad Alghero, accompagnato dal direttore sanitario Anita Giaconi, ha incontrati i responsabili e direttori dei vari servizi ospedalieri: \u201cPer onest\u00e0 intellettuale non posso promettere di risolvere durante il mio mandato tutte le criticit\u00e0 che trover\u00f2 o che mi verranno rappresentate, ma posso garantire che in questo percorso metter\u00f2, come sempre, il mio massimo impegno e passione\u201d, ha detto il Commissario che ha aggiunto: \u201cVorrei ringraziare tutto il personale dell'ospedale di Alghero per la disponibilit\u00e0 dimostrata durante la mia visita. Ho constatato di persona la qualit\u00e0 del lavoro svolto, l\u2019abnegazione e l'impegno profuso per garantire la salute e il benessere dei pazienti. Sono rimasto piacevolmente impressionato dalla professionalit\u00e0 di tutto il personale, e sono fiducioso che continueremo a lavorare insieme per migliorare ulteriormente i servizi offerti alla popolazione. Il nostro intento sar\u00e0 quello di potenziare la rete territoriale e ricostruire la rete degli ospedali periferici, che potranno cos\u00ec attrarre nuovamente professionisti e andando, quindi, ad alleggerire il carico dei grandi ospedali. Per far questo sar\u00e0 fondamentale il dialogo e la collaborazione con la Aou, ma non solo\u201d.<\/p>\n\n\n\n<p>\u201cA breve intendo incontrare i rappresentanti del territorio, la Conferenza dei sindaci, le organizzazioni sindacali con le quali vogliamo riprendere un nuovo confronto volto alla risoluzione delle vertenze pendenti, incentrato sull\u2019ascolto e sul dialogo, ma intendo anche dare nuovo slancio alle interlocuzioni con il terzo settore e le associazioni. Solo col dialogo e l\u2019ascolto potremmo creare quello spirito di \u201ccomunit\u00e0\u201d e di \u201csistema\u201d volto a costruire ecosistemi al servizio del benessere generale per migliorare la qualit\u00e0 dei servizio sanitario offerto alla popolazione\u201d, conclude Tauro. Com<\/p>\n","protected":false},"excerpt":{"rendered":"<p>Sassari, 9 Magg 2025 \u2013 \u201cAscoltare la voce degli operatori, valutare le potenzialit\u00e0 e affrontare insieme le criticit\u00e0\u201d, con questo spirito il commissario della Asl&#8230;<\/p>\n","protected":false},"author":2,"featured_media":259600,"comment_status":"closed","ping_status":"open","sticky":false,"template":"","format":"standard","meta":[],"categories":[49,53],"tags":[],"_links":{"self":[{"href":"https:\/\/www.cronacaonline.it\/index.php\/wp-json\/wp\/v2\/posts\/259599"}],"collection":[{"href":"https:\/\/www.cronacaonline.it\/index.php\/wp-json\/wp\/v2\/posts"}],"about":[{"href":"https:\/\/www.cronacaonline.it\/index.php\/wp-json\/wp\/v2\/types\/post"}],"author":[{"embeddable":true,"href":"https:\/\/www.cronacaonline.it\/index.php\/wp-json\/wp\/v2\/users\/2"}],"replies":[{"embeddable":true,"href":"https:\/\/www.cronacaonline.it\/index.php\/wp-json\/wp\/v2\/comments?post=259599"}],"version-history":[{"count":1,"href":"https:\/\/www.cronacaonline.it\/index.php\/wp-json\/wp\/v2\/posts\/259599\/revisions"}],"predecessor-version":[{"id":259602,"href":"https:\/\/www.cronacaonline.it\/index.php\/wp-json\/wp\/v2\/posts\/259599\/revisions\/259602"}],"wp:featuredmedia":[{"embeddable":true,"href":"https:\/\/www.cronacaonline.it\/index.php\/wp-json\/wp\/v2\/media\/259600"}],"wp:attachment":[{"href":"https:\/\/www.cronacaonline.it\/index.php\/wp-json\/wp\/v2\/media?parent=259599"}],"wp:term":[{"taxonomy":"category","embeddable":true,"href":"https:\/\/www.cronacaonline.it\/index.php\/wp-json\/wp\/v2\/categories?post=259599"},{"taxonomy":"post_tag","embeddable":true,"href":"https:\/\/www.cronacaonline.it\/index.php\/wp-json\/wp\/v2\/tags?post=259599"}],"curies":[{"name":"wp","href":"https:\/\/api.w.org\/{rel}","templated":true}]}}