{"id":259499,"date":"2025-05-08T11:47:37","date_gmt":"2025-05-08T09:47:37","guid":{"rendered":"https:\/\/www.cronacaonline.it\/?p=259499"},"modified":"2025-05-08T11:47:43","modified_gmt":"2025-05-08T09:47:43","slug":"umanizzazione-degli-spazi-di-cura-allospedale-san-francesco-operativa-la-mensa-per-dipendenti-e-non-domani-mattina-linaugurazione-ufficiale","status":"publish","type":"post","link":"https:\/\/www.cronacaonline.it\/index.php\/2025\/05\/08\/umanizzazione-degli-spazi-di-cura-allospedale-san-francesco-operativa-la-mensa-per-dipendenti-e-non-domani-mattina-linaugurazione-ufficiale\/","title":{"rendered":"Umanizzazione degli spazi di cura: all\u2019ospedale San Francesco operativa la mensa per dipendenti e non. Domani mattina l\u2019inaugurazione ufficiale."},"content":{"rendered":"\n<p>Nuoro, 8 Magg 2025 \u2013 Umanizzazione degli spazi di cura: all\u2019ospedale \u00e8 operativa da ieri la mensa dell\u2019Ospedale San Francesco di Nuoro. Domani alle 10,00 l\u2019inaugurazione ufficiale. La nuova struttura, dal nome evocativo \u201cSapor\u00eca\u201d, \u00e8 posta nel settore servizi commerciali della hall e sar\u00e0 gestita dalle societ\u00e0 \u201cRamada s.r.l.\u201d e \u201cRosticceria Tempesta di Michele Mastio\u201d, che si sono aggiudicate la gara.<\/p>\n\n\n\n<p>\u00abIl nuovo servizio \u2013 dichiara con soddisfazione la Direzione strategica aziendale ASL 3 \u2013&nbsp;occupa un locale della hall di ragguardevoli dimensioni, in una prospettiva di sempre maggior comfort e qualit\u00e0 dell\u2019offerta, con tendenza all\u2019utilizzo di prodotti locali, biologici, e a chilometro zero, proponendo prevalentemente una cucina tradizionale mediterranea\u00bb.<\/p>\n\n\n\n<figure class=\"wp-block-image size-full is-resized\"><img loading=\"lazy\" src=\"https:\/\/www.cronacaonline.it\/wp-content\/uploads\/2025\/05\/Nuova-mensa-ospedale-San-Francesco-di-Nuoro-per-dipedenti-e-non-2.jpg\" alt=\"\" class=\"wp-image-259500\" width=\"733\" height=\"489\" srcset=\"https:\/\/www.cronacaonline.it\/wp-content\/uploads\/2025\/05\/Nuova-mensa-ospedale-San-Francesco-di-Nuoro-per-dipedenti-e-non-2.jpg 600w, https:\/\/www.cronacaonline.it\/wp-content\/uploads\/2025\/05\/Nuova-mensa-ospedale-San-Francesco-di-Nuoro-per-dipedenti-e-non-2-300x200.jpg 300w\" sizes=\"(max-width: 733px) 100vw, 733px\" \/><\/figure>\n\n\n\n<p>l servizio mensa sar\u00e0 svolto tutti i giorni dalle ore 11:30 alle ore 15:30, e dalle ore 18:30 alle ore 22:00, con produzione dei pasti sul luogo. La decisione di aumentare l\u2019orario di apertura\/chiusura della mensa, al fine di consentire al personale sanitario, e non solo, di poter usufruire del servizio alla fine o in prossimit\u00e0 dell\u2019inizio del proprio turno. Com<\/p>\n","protected":false},"excerpt":{"rendered":"<p>Nuoro, 8 Magg 2025 \u2013 Umanizzazione degli spazi di cura: all\u2019ospedale \u00e8 operativa da ieri la mensa dell\u2019Ospedale San Francesco di Nuoro. Domani alle 10,00&#8230;<\/p>\n","protected":false},"author":2,"featured_media":259501,"comment_status":"closed","ping_status":"open","sticky":false,"template":"","format":"standard","meta":[],"categories":[49,53],"tags":[],"_links":{"self":[{"href":"https:\/\/www.cronacaonline.it\/index.php\/wp-json\/wp\/v2\/posts\/259499"}],"collection":[{"href":"https:\/\/www.cronacaonline.it\/index.php\/wp-json\/wp\/v2\/posts"}],"about":[{"href":"https:\/\/www.cronacaonline.it\/index.php\/wp-json\/wp\/v2\/types\/post"}],"author":[{"embeddable":true,"href":"https:\/\/www.cronacaonline.it\/index.php\/wp-json\/wp\/v2\/users\/2"}],"replies":[{"embeddable":true,"href":"https:\/\/www.cronacaonline.it\/index.php\/wp-json\/wp\/v2\/comments?post=259499"}],"version-history":[{"count":1,"href":"https:\/\/www.cronacaonline.it\/index.php\/wp-json\/wp\/v2\/posts\/259499\/revisions"}],"predecessor-version":[{"id":259502,"href":"https:\/\/www.cronacaonline.it\/index.php\/wp-json\/wp\/v2\/posts\/259499\/revisions\/259502"}],"wp:featuredmedia":[{"embeddable":true,"href":"https:\/\/www.cronacaonline.it\/index.php\/wp-json\/wp\/v2\/media\/259501"}],"wp:attachment":[{"href":"https:\/\/www.cronacaonline.it\/index.php\/wp-json\/wp\/v2\/media?parent=259499"}],"wp:term":[{"taxonomy":"category","embeddable":true,"href":"https:\/\/www.cronacaonline.it\/index.php\/wp-json\/wp\/v2\/categories?post=259499"},{"taxonomy":"post_tag","embeddable":true,"href":"https:\/\/www.cronacaonline.it\/index.php\/wp-json\/wp\/v2\/tags?post=259499"}],"curies":[{"name":"wp","href":"https:\/\/api.w.org\/{rel}","templated":true}]}}