{"id":259469,"date":"2025-05-07T17:32:54","date_gmt":"2025-05-07T15:32:54","guid":{"rendered":"https:\/\/www.cronacaonline.it\/?p=259469"},"modified":"2025-05-07T17:32:56","modified_gmt":"2025-05-07T15:32:56","slug":"la-citta-di-cagliari-celebra-i-100-anni-di-bartolomeo-simonetti","status":"publish","type":"post","link":"https:\/\/www.cronacaonline.it\/index.php\/2025\/05\/07\/la-citta-di-cagliari-celebra-i-100-anni-di-bartolomeo-simonetti\/","title":{"rendered":"La citt\u00e0 di Cagliari celebra i 100 anni di Bartolomeo Simonetti."},"content":{"rendered":"\n<p>Cagliari, 7 Magg 2025 - Un secolo di vita, testimone della storia del Paese e della citt\u00e0, celebrato con affetto, stima e riconoscenza. Nel pomeriggio di oggi, mercoled\u00ec 7 maggio 2025, l\u2019Amministrazione comunale di Cagliari ha reso omaggio a Bartolomeo Simonetti, cittadino esemplare che ha compiuto 100 anni, con una cerimonia alla presenza di familiari, amici e rappresentanti delle istituzioni.<\/p>\n\n\n\n<p>A porgere i saluti ufficiali \u00e8 stato il presidente del Consiglio comunale, Marco Benucci, che ha consegnato al festeggiato una medaglia e una pergamena ricordo a nome della citt\u00e0: \u201cIl signor Simonetti rappresenta un ponte prezioso tra generazioni\u201d, ha detto Benucci. \u201cCon la sua vita dedicata al lavoro, alla famiglia e al servizio dello Stato, incarna i valori di dedizione e sobriet\u00e0, che sono fondamento della nostra comunit\u00e0. \u00c8 un onore poter rendere omaggio a una figura cos\u00ec significativa\u201d.<\/p>\n\n\n\n<p>Nato a Borrello, in Abruzzo, nel 1925, Bartolomeo Simonetti ha vissuto una prima parte della sua vita come maestro elementare nella sua terra natale, per poi trasferirsi nel 1952 a Cagliari, citt\u00e0 che lo ha accolto e che lui ha imparato ad amare. Qui ha lavorato all\u2019Istituto nazionale gestione imposte di consumo, successivamente confluito nell\u2019Intendenza di finanza e infine nella Direzione regionale delle entrate, contribuendo per decenni al buon funzionamento della macchina amministrativa.<\/p>\n\n\n\n<p>Sposato dal 1946 con la signora di 98 anni, \u00e8 padre di due figlie e un figlio, Bartolomeo \u00e8 ricordato anche per il suo passato da alpino, corpo d\u2019\u00e9lite dell\u2019Esercito italiano, al quale trasmise i valori dell\u2019impegno civile, anche come insegnante.<\/p>\n\n\n\n<p>La cerimonia si \u00e8 svolta in un clima di festa familiare, ma anche di profondo rispetto, per una vita vissuta con senso del dovere e amore per il prossimo. L\u2019Amministrazione comunale ha voluto cos\u00ec sottolineare quanto sia importante custodire la memoria viva delle persone che hanno costruito il tessuto sociale della citt\u00e0, rappresentando un patrimonio umano di inestimabile valore. Com<\/p>\n","protected":false},"excerpt":{"rendered":"<p>Cagliari, 7 Magg 2025 &#8211; Un secolo di vita, testimone della storia del Paese e della citt\u00e0, celebrato con affetto, stima e riconoscenza. Nel pomeriggio&#8230;<\/p>\n","protected":false},"author":2,"featured_media":259470,"comment_status":"closed","ping_status":"open","sticky":false,"template":"","format":"standard","meta":[],"categories":[49,53],"tags":[],"_links":{"self":[{"href":"https:\/\/www.cronacaonline.it\/index.php\/wp-json\/wp\/v2\/posts\/259469"}],"collection":[{"href":"https:\/\/www.cronacaonline.it\/index.php\/wp-json\/wp\/v2\/posts"}],"about":[{"href":"https:\/\/www.cronacaonline.it\/index.php\/wp-json\/wp\/v2\/types\/post"}],"author":[{"embeddable":true,"href":"https:\/\/www.cronacaonline.it\/index.php\/wp-json\/wp\/v2\/users\/2"}],"replies":[{"embeddable":true,"href":"https:\/\/www.cronacaonline.it\/index.php\/wp-json\/wp\/v2\/comments?post=259469"}],"version-history":[{"count":1,"href":"https:\/\/www.cronacaonline.it\/index.php\/wp-json\/wp\/v2\/posts\/259469\/revisions"}],"predecessor-version":[{"id":259471,"href":"https:\/\/www.cronacaonline.it\/index.php\/wp-json\/wp\/v2\/posts\/259469\/revisions\/259471"}],"wp:featuredmedia":[{"embeddable":true,"href":"https:\/\/www.cronacaonline.it\/index.php\/wp-json\/wp\/v2\/media\/259470"}],"wp:attachment":[{"href":"https:\/\/www.cronacaonline.it\/index.php\/wp-json\/wp\/v2\/media?parent=259469"}],"wp:term":[{"taxonomy":"category","embeddable":true,"href":"https:\/\/www.cronacaonline.it\/index.php\/wp-json\/wp\/v2\/categories?post=259469"},{"taxonomy":"post_tag","embeddable":true,"href":"https:\/\/www.cronacaonline.it\/index.php\/wp-json\/wp\/v2\/tags?post=259469"}],"curies":[{"name":"wp","href":"https:\/\/api.w.org\/{rel}","templated":true}]}}