{"id":259463,"date":"2025-05-07T16:56:06","date_gmt":"2025-05-07T14:56:06","guid":{"rendered":"https:\/\/www.cronacaonline.it\/?p=259463"},"modified":"2025-05-07T16:56:07","modified_gmt":"2025-05-07T14:56:07","slug":"difesa-al-via-a-cagliari-la-joint-stars-2025-tra-attivita-esercitative-imprescindibili-per-le-forze-armate-e-momenti-di-condivisione-con-la-cittadinanza","status":"publish","type":"post","link":"https:\/\/www.cronacaonline.it\/index.php\/2025\/05\/07\/difesa-al-via-a-cagliari-la-joint-stars-2025-tra-attivita-esercitative-imprescindibili-per-le-forze-armate-e-momenti-di-condivisione-con-la-cittadinanza\/","title":{"rendered":"Difesa: al via a Cagliari la Joint Stars 2025- Tra attivit\u00e0 esercitative imprescindibili per le Forze Armate e momenti di condivisione con la cittadinanza."},"content":{"rendered":"\n<p>Cagliari, 7 Magg 2025. Pronti per la\u00a0Joint Stars\u00a02025, la pi\u00f9 importante esercitazione della Difesa, pianificata e condotta dal\u00a0Comando Operativo di Vertice Interforze\u00a0(Covi).<\/p>\n\n\n\n<p>Questa mattina, con l\u2019arrivo di&nbsp;Nave Trieste&nbsp;nel porto di Cagliari, si \u00e8 completato il dispiegamento delle forze e dei mezzi che daranno vita a un complesso scenario operativo multi-dominio.<\/p>\n\n\n\n<p>L\u2019esercitazione, che prender\u00e0 il via ufficialmente gioved\u00ec 8 maggio, coinvolger\u00e0 tutte le componenti delle&nbsp;Forze Armate, diversi Corpi dello Stato, dicasteri e agenzie, impegnati in un\u2019attivit\u00e0 che punta a rafforzare la collaborazione e l\u2019interoperabilit\u00e0 tra tutte le realt\u00e0 istituzionali coinvolte nella difesa dello Stato. Un banco di prova che stimoler\u00e0 risposte integrate a situazioni complesse e dinamiche, per testare capacit\u00e0 e sinergie in contesti realistici.<\/p>\n\n\n\n<p>Ma Joint Stars 2025 non sar\u00e0 solo esercitazione. L\u2019iniziativa prevede anche la solidariet\u00e0 e il coinvolgimento della popolazione grazie al progetto&nbsp;Joint Stars for Charity. Numerose saranno, infatti, le attivit\u00e0 aperte al pubblico, tra cui iniziative sanitarie e raccolta fondi. Nave Trieste si trasformer\u00e0, per l\u2019occasione, in una piattaforma di supporto, che offrir\u00e0 screening gratuiti per i bambini e ospiter\u00e0 momenti di condivisione e cultura.<\/p>\n\n\n\n<p>Il clou del programma solidale si concentrer\u00e0 nel fine settimana del 10 e 11 maggio, con una mobilitazione corale di militari, istituzioni, associazioni e aziende per conseguire un obiettivo concreto: l\u2019acquisto di due posti letto di terapia intensiva e sub-intensiva pediatrica per l\u2019ospedale Arnas \u201cG. Brotzu\u201d&nbsp;di Cagliari.<\/p>\n\n\n\n<p>Tra gli appuntamenti pi\u00f9 attesi, il concerto benefico della&nbsp;Banda musicale interforze, che sabato 10 maggio alle 1830, a bordo di Nave Trieste ormeggiata al molo Rinascita, ospiter\u00e0 anche l\u2019intensa voce del cantautore&nbsp;Bungaro. Un evento che unisce le Forze Armate e la cittadinanza sotto il segno della musica e della solidariet\u00e0, con l\u2019intero ricavato destinato alla raccolta fondi.<\/p>\n\n\n\n<p>Sabato 10 e domenica 11 maggio, dalle 09:00 alle 18:00, a bordo di&nbsp;Nave Trieste, medici della ASL di Cagliari e personale sanitario militare effettueranno, inoltre, screening sanitari gratuiti per i pi\u00f9 piccoli.<\/p>\n\n\n\n<p>Domenica 11 maggio, la corsa solidale \u201cIX Karalis 10\u201d, promossa dalla Onlus Insieme contro il dolore e dall\u2019A.S.D. Nuova Atletica Sardegna, animer\u00e0 le vie cittadine.<\/p>\n\n\n\n<p>Infine, alle 16:30, andr\u00e0 in scena lo spettacolo musicale per bambini \u201cPierino e il Lupo\u201d all\u2019Ospedale San Michele, accompagnato dalla donazione di giochi e materiale didattico per i piccoli pazienti ricoverati.<\/p>\n\n\n\n<p>La solidariet\u00e0 ha bisogno di azioni e fatti concreti: anche questo \u00e8&nbsp;Difesa&nbsp;dello Stato e dei suoi cittadini. Com<\/p>\n","protected":false},"excerpt":{"rendered":"<p>Cagliari, 7 Magg 2025. Pronti per la\u00a0Joint Stars\u00a02025, la pi\u00f9 importante esercitazione della Difesa, pianificata e condotta dal\u00a0Comando Operativo di Vertice Interforze\u00a0(Covi). Questa mattina, con&#8230;<\/p>\n","protected":false},"author":2,"featured_media":259464,"comment_status":"closed","ping_status":"open","sticky":false,"template":"","format":"standard","meta":[],"categories":[49,53],"tags":[],"_links":{"self":[{"href":"https:\/\/www.cronacaonline.it\/index.php\/wp-json\/wp\/v2\/posts\/259463"}],"collection":[{"href":"https:\/\/www.cronacaonline.it\/index.php\/wp-json\/wp\/v2\/posts"}],"about":[{"href":"https:\/\/www.cronacaonline.it\/index.php\/wp-json\/wp\/v2\/types\/post"}],"author":[{"embeddable":true,"href":"https:\/\/www.cronacaonline.it\/index.php\/wp-json\/wp\/v2\/users\/2"}],"replies":[{"embeddable":true,"href":"https:\/\/www.cronacaonline.it\/index.php\/wp-json\/wp\/v2\/comments?post=259463"}],"version-history":[{"count":1,"href":"https:\/\/www.cronacaonline.it\/index.php\/wp-json\/wp\/v2\/posts\/259463\/revisions"}],"predecessor-version":[{"id":259465,"href":"https:\/\/www.cronacaonline.it\/index.php\/wp-json\/wp\/v2\/posts\/259463\/revisions\/259465"}],"wp:featuredmedia":[{"embeddable":true,"href":"https:\/\/www.cronacaonline.it\/index.php\/wp-json\/wp\/v2\/media\/259464"}],"wp:attachment":[{"href":"https:\/\/www.cronacaonline.it\/index.php\/wp-json\/wp\/v2\/media?parent=259463"}],"wp:term":[{"taxonomy":"category","embeddable":true,"href":"https:\/\/www.cronacaonline.it\/index.php\/wp-json\/wp\/v2\/categories?post=259463"},{"taxonomy":"post_tag","embeddable":true,"href":"https:\/\/www.cronacaonline.it\/index.php\/wp-json\/wp\/v2\/tags?post=259463"}],"curies":[{"name":"wp","href":"https:\/\/api.w.org\/{rel}","templated":true}]}}