{"id":259458,"date":"2025-05-07T15:51:49","date_gmt":"2025-05-07T13:51:49","guid":{"rendered":"https:\/\/www.cronacaonline.it\/?p=259458"},"modified":"2025-05-07T15:51:52","modified_gmt":"2025-05-07T13:51:52","slug":"guardia-medica-di-viale-trieste-le-precisazioni-dellasl-di-cagliari","status":"publish","type":"post","link":"https:\/\/www.cronacaonline.it\/index.php\/2025\/05\/07\/guardia-medica-di-viale-trieste-le-precisazioni-dellasl-di-cagliari\/","title":{"rendered":"Guardia medica di viale Trieste: le precisazioni dell&#8217;Asl di Cagliari."},"content":{"rendered":"\n<p>Cagliari, 7 Magg 2025 - A seguito della denuncia a mezzo stampa da parte dell'associazione Sardegna Possibile del montascale non funzionante nella guardia medica di viale Trieste, l'Asl di Cagliari si \u00e8 immediatamente attivata questa mattina per verificare l'accessibilit\u00e0 della struttura. Nel corso di un sopralluogo con i tecnici dell'Azienda, infatti, si \u00e8 potuto constatare che il montascale risulta perfettamente funzionante e non \u00e8 presente nessun cartello che preveda una specifica formazione nell'utilizzo.<\/p>\n\n\n\n<p>&nbsp;A riguardo, per il tramite dei responsabili delle ditte a cui afferiscono il personale addetto al portierato e la guardia armata, \u00e8 stato ribadito di comunicare agli operatori di supportare nell'accesso i disabili che necessitano assistenza, azionando il montascale per garantire un accesso facilitato e in sicurezza ogni qualvolta ne venga fatta richiesta.<\/p>\n\n\n\n<p>&nbsp;Ad ogni modo, la Direzione della Asl 8 si scusa con l'Associazione e con tutte le persone disabili o con difficolt\u00e0 di deambulazione per il disagio subito. Com<\/p>\n","protected":false},"excerpt":{"rendered":"<p>Cagliari, 7 Magg 2025 &#8211; A seguito della denuncia a mezzo stampa da parte dell&#8217;associazione Sardegna Possibile del montascale non funzionante nella guardia medica di&#8230;<\/p>\n","protected":false},"author":2,"featured_media":12682,"comment_status":"closed","ping_status":"open","sticky":false,"template":"","format":"standard","meta":[],"categories":[49,53],"tags":[],"_links":{"self":[{"href":"https:\/\/www.cronacaonline.it\/index.php\/wp-json\/wp\/v2\/posts\/259458"}],"collection":[{"href":"https:\/\/www.cronacaonline.it\/index.php\/wp-json\/wp\/v2\/posts"}],"about":[{"href":"https:\/\/www.cronacaonline.it\/index.php\/wp-json\/wp\/v2\/types\/post"}],"author":[{"embeddable":true,"href":"https:\/\/www.cronacaonline.it\/index.php\/wp-json\/wp\/v2\/users\/2"}],"replies":[{"embeddable":true,"href":"https:\/\/www.cronacaonline.it\/index.php\/wp-json\/wp\/v2\/comments?post=259458"}],"version-history":[{"count":1,"href":"https:\/\/www.cronacaonline.it\/index.php\/wp-json\/wp\/v2\/posts\/259458\/revisions"}],"predecessor-version":[{"id":259459,"href":"https:\/\/www.cronacaonline.it\/index.php\/wp-json\/wp\/v2\/posts\/259458\/revisions\/259459"}],"wp:featuredmedia":[{"embeddable":true,"href":"https:\/\/www.cronacaonline.it\/index.php\/wp-json\/wp\/v2\/media\/12682"}],"wp:attachment":[{"href":"https:\/\/www.cronacaonline.it\/index.php\/wp-json\/wp\/v2\/media?parent=259458"}],"wp:term":[{"taxonomy":"category","embeddable":true,"href":"https:\/\/www.cronacaonline.it\/index.php\/wp-json\/wp\/v2\/categories?post=259458"},{"taxonomy":"post_tag","embeddable":true,"href":"https:\/\/www.cronacaonline.it\/index.php\/wp-json\/wp\/v2\/tags?post=259458"}],"curies":[{"name":"wp","href":"https:\/\/api.w.org\/{rel}","templated":true}]}}