{"id":259385,"date":"2025-05-05T19:45:31","date_gmt":"2025-05-05T17:45:31","guid":{"rendered":"https:\/\/www.cronacaonline.it\/?p=259385"},"modified":"2025-05-05T19:47:19","modified_gmt":"2025-05-05T17:47:19","slug":"asl-cagliari-insediato-il-nuovo-commissario-straordinario-il-dott-aldo-atzori-ha-incontrato-questa-mattina-la-direzione-strategica-i-direttori-dei-distretti-e-degli-ospedali","status":"publish","type":"post","link":"https:\/\/www.cronacaonline.it\/index.php\/2025\/05\/05\/asl-cagliari-insediato-il-nuovo-commissario-straordinario-il-dott-aldo-atzori-ha-incontrato-questa-mattina-la-direzione-strategica-i-direttori-dei-distretti-e-degli-ospedali\/","title":{"rendered":"ASL Cagliari, insediato il nuovo commissario straordinario. Il Dott. Aldo Atzori ha incontrato questa mattina la direzione strategica, i direttori dei Distretti e degli ospedali."},"content":{"rendered":"\n<p>Cagliari, 5 Magg 2025\u00a0- Si \u00e8 insediato questa mattina con\u00a0delibera n. 1 del 5 maggio 2025 Aldo Atzori, commissario straordinario della Asl di Cagliari, nominato il 27 aprile in attuazione della L.R. n. 8 dell\u201911 marzo 2025. Laurea in\u00a0medicina e chirurgia all\u2019Universit\u00e0 degli studi di Cagliari e specializzazione in Igiene e medicina preventiva indirizzo \u201cOrganizzazione dei Servizi sanitari di base\u201d, con un\u00a0Master di II livello di Direttore di Distretto, il dott. Atzori ha maturato capacit\u00e0 gestionale e conoscenza dei Sistemi Integrati socio sanitari partecipando, in qualit\u00e0 di\u00a0Direttore Socio sanitario e di Distretto a tutte le fasi di costruzione dell\u2019integrazione socio sanitaria e alla governance delle strutture e dei servizi integrati, dedicandosi, in modo particolare, ai PLUS e alle azioni previste dal Pnrr (Case della salute, Cot) e alle cure domiciliari in qualit\u00e0 di responsabile del Servizio.<\/p>\n\n\n\n<p>\u201cSono consapevole delle grandi responsabilit\u00e0 e dell\u2019impegno assunto come Commissario della pi\u00f9 grande Asl della Sardegna&nbsp;\u2013 ha dichiarato il neo commissario -.&nbsp;Sono rassicurato dalle competenze e professionalit\u00e0 presenti in Azienda e sono convinto che, con le risorse presenti, possiamo raggiungere gli obiettivi di riorganizzazione e di riqualificazione dei servizi, orientando i nostri interventi all\u2019integrazione tra il territorio e gli ospedali e alla qualit\u00e0 dei servizi sanitari e socio sanitari del territorio della Asl di Cagliari\u201d.<\/p>\n\n\n\n<p>Nei prossimi giorni il commissario visiter\u00e0 i servizi e gli ospedali della Asl 8 e incontrer\u00e0 le diverse strutture per salutare il personale e confrontarsi sulle criticit\u00e0. Com<\/p>\n","protected":false},"excerpt":{"rendered":"<p>Cagliari, 5 Magg 2025\u00a0&#8211; Si \u00e8 insediato questa mattina con\u00a0delibera n. 1 del 5 maggio 2025 Aldo Atzori, commissario straordinario della Asl di Cagliari, nominato&#8230;<\/p>\n","protected":false},"author":2,"featured_media":259383,"comment_status":"closed","ping_status":"open","sticky":false,"template":"","format":"standard","meta":[],"categories":[49,53],"tags":[],"_links":{"self":[{"href":"https:\/\/www.cronacaonline.it\/index.php\/wp-json\/wp\/v2\/posts\/259385"}],"collection":[{"href":"https:\/\/www.cronacaonline.it\/index.php\/wp-json\/wp\/v2\/posts"}],"about":[{"href":"https:\/\/www.cronacaonline.it\/index.php\/wp-json\/wp\/v2\/types\/post"}],"author":[{"embeddable":true,"href":"https:\/\/www.cronacaonline.it\/index.php\/wp-json\/wp\/v2\/users\/2"}],"replies":[{"embeddable":true,"href":"https:\/\/www.cronacaonline.it\/index.php\/wp-json\/wp\/v2\/comments?post=259385"}],"version-history":[{"count":1,"href":"https:\/\/www.cronacaonline.it\/index.php\/wp-json\/wp\/v2\/posts\/259385\/revisions"}],"predecessor-version":[{"id":259392,"href":"https:\/\/www.cronacaonline.it\/index.php\/wp-json\/wp\/v2\/posts\/259385\/revisions\/259392"}],"wp:featuredmedia":[{"embeddable":true,"href":"https:\/\/www.cronacaonline.it\/index.php\/wp-json\/wp\/v2\/media\/259383"}],"wp:attachment":[{"href":"https:\/\/www.cronacaonline.it\/index.php\/wp-json\/wp\/v2\/media?parent=259385"}],"wp:term":[{"taxonomy":"category","embeddable":true,"href":"https:\/\/www.cronacaonline.it\/index.php\/wp-json\/wp\/v2\/categories?post=259385"},{"taxonomy":"post_tag","embeddable":true,"href":"https:\/\/www.cronacaonline.it\/index.php\/wp-json\/wp\/v2\/tags?post=259385"}],"curies":[{"name":"wp","href":"https:\/\/api.w.org\/{rel}","templated":true}]}}