{"id":259233,"date":"2025-04-30T15:38:19","date_gmt":"2025-04-30T13:38:19","guid":{"rendered":"https:\/\/www.cronacaonline.it\/?p=259233"},"modified":"2025-04-30T15:38:22","modified_gmt":"2025-04-30T13:38:22","slug":"siglato-protocollo-tra-anci-assostampa-sarda-e-ordine-dei-giornalisti-della-sardegna","status":"publish","type":"post","link":"https:\/\/www.cronacaonline.it\/index.php\/2025\/04\/30\/siglato-protocollo-tra-anci-assostampa-sarda-e-ordine-dei-giornalisti-della-sardegna\/","title":{"rendered":"Siglato protocollo tra Anci, Assostampa sarda e ordine dei giornalisti della Sardegna."},"content":{"rendered":"\n<p>Cagliari, 30 Apr 2025 - Il ruolo dei giornalisti iscritti all\u2019Ordine negli uffici stampa dei Comuni \u00e8 uno dei cardini sui quali si deve basare la realizzazione di un corretto circuito informativo tra la pubblica amministrazione e i cittadini. \u00a0Questo principio \u00e8 sancito dal Protocollo sottoscritto marted\u00ec 29 aprile 2025 tra l\u2019Anci, Associazione nazionale comuni italiani Sardegna, l\u2019Associazione della Stampa Sarda con il gruppo di specializzazione Gus (Gruppo uffici stampa) e l\u2019Ordine dei giornalisti della Sardegna. Un Protocollo che avr\u00e0 validit\u00e0 triennale e costituisce un punto di partenza, ma che gi\u00e0 inquadra la materia disciplinata dalla legge nazionale 150 del 2000, richiamata dall\u2019accordo stipulato il 7 aprile 2022 tra la Federazione nazionale della Stampa, alla quale \u00e8 legata dai vincoli associativi l\u2019Ass, e l\u2019Aran. Il Protocollo \u00e8 stato sottoscritto a Cagliari nella sede dell\u2019Anci dalla Presidente dell\u2019Anci Sardegna e sindaca di Fonni, Daniela Falconi, dalla Presidente dell\u2019Associazione della Stampa Sarda, Simonetta Selloni e dal Presidente dell\u2019Ordine dei giornalisti della Sardegna, Giuseppe Meloni, alla presenza del Presidente del Gus Luchino Corrias. Presente anche il presidente del consiglio regionale dell\u2019Anci Francesco Spiga, sindaco di Vallermosa.<\/p>\n\n\n\n<p>\u201cSi tratta di un passo importantissimo che pone dei punti fermi sul riconoscimento del ruolo e della professionalit\u00e0 dei giornalisti nell\u2019ambito della pubblica amministrazione \u2013 ha detto la Presidente dell\u2019Assostampa Simonetta Selloni. \u201cIl Protocollo sancisce un principio fondamentale, ossia che il personale impiegato nell\u2019Ufficio stampa addetto a funzioni giornalistiche deve essere obbligatoriamente in possesso dello status professionale di giornalista, professionista o pubblicista, all\u2019atto di assegnazione dell\u2019incarico, ha aggiunto. \u201cE\u2019 significativo che sia assicurato il principio di chiarezza e completezza dell\u2019informazione sull\u2019attivit\u00e0 dei Comuni, attraverso la quale i cittadini potranno consapevolmente partecipare alla vita democratica delle istituzioni\u201d, ha sottolineato Giuseppe Meloni, ribadendo come Ordine dei Giornalisti e Associazione della Stampa compiano un lavoro congiunto a tutela degli interessi della categoria e dei cittadini: \u201cRingrazio il mio predecessore Francesco Birocchi per essersi impegnato per questo importante risultato\u201d. La Presidente dell\u2019Anci Daniela Falconi ha ribadito come \u201cL\u2019Anci, che persegue gli scopi di rappresentanza dei Comuni e delle forme associative degli enti di derivazione comunale, ispirandosi ai valori di autonomia, indipendenza e rappresentativit\u00e0 che in essa trovano sede, rappresenta anche i principi di pari dignit\u00e0 e pluralismo espressione delle assemblee elettive locali. In questo senso l\u2019accordo con l\u2019Ass e l\u2019Odg \u00e8 fondamentale, perch\u00e9 i giornalisti nella Pubblica amministrazione sono garanzia di professionalit\u00e0 e indipendenza sia per motivi deontologici che per le competenze specialistiche che possiedono\u201d. E la competenza dei giornalisti degli Uffici stampa \u00e8 stata ribadita da Luchino Corrias, Presidente del Gus: \u201cSiamo soddisfatti della firma di questo Protocollo e siamo a disposizione, con le competenze del Gruppo di specializzazione, anche per la formazione necessaria di chi viene chiamato a svolgere questo importante ruolo di informazione in seno alla Pubblica amministrazione\u201d.<\/p>\n\n\n\n<p>Il Protocollo prevede le tutele sindacali, chiarisce i criteri di reclutamento e l\u2019inquadramento dei giornalisti nel profilo \u201cspecialista nei rapporti con i media, giornalista pubblico\u201d, collocandoli nello specifico \u201csettore informazione\u201d. Prevista anche una commissione di monitoraggio per la verifica e l\u2019attuazione delle attivit\u00e0 previste, ma anche per avviare una campagna di sensibilizzazione e informazione sull\u2019intesa. A questo scopo, Ass (con il supporto del Gus), Odg e Anci calendarizzeranno un ciclo di seminari formativi sul territorio della Sardegna, validi anche ai fini della formazione professionale obbligatoria dei giornalisti. Com<\/p>\n","protected":false},"excerpt":{"rendered":"<p>Cagliari, 30 Apr 2025 &#8211; Il ruolo dei giornalisti iscritti all\u2019Ordine negli uffici stampa dei Comuni \u00e8 uno dei cardini sui quali si deve basare&#8230;<\/p>\n","protected":false},"author":2,"featured_media":259234,"comment_status":"closed","ping_status":"open","sticky":false,"template":"","format":"standard","meta":[],"categories":[49,53],"tags":[],"_links":{"self":[{"href":"https:\/\/www.cronacaonline.it\/index.php\/wp-json\/wp\/v2\/posts\/259233"}],"collection":[{"href":"https:\/\/www.cronacaonline.it\/index.php\/wp-json\/wp\/v2\/posts"}],"about":[{"href":"https:\/\/www.cronacaonline.it\/index.php\/wp-json\/wp\/v2\/types\/post"}],"author":[{"embeddable":true,"href":"https:\/\/www.cronacaonline.it\/index.php\/wp-json\/wp\/v2\/users\/2"}],"replies":[{"embeddable":true,"href":"https:\/\/www.cronacaonline.it\/index.php\/wp-json\/wp\/v2\/comments?post=259233"}],"version-history":[{"count":1,"href":"https:\/\/www.cronacaonline.it\/index.php\/wp-json\/wp\/v2\/posts\/259233\/revisions"}],"predecessor-version":[{"id":259235,"href":"https:\/\/www.cronacaonline.it\/index.php\/wp-json\/wp\/v2\/posts\/259233\/revisions\/259235"}],"wp:featuredmedia":[{"embeddable":true,"href":"https:\/\/www.cronacaonline.it\/index.php\/wp-json\/wp\/v2\/media\/259234"}],"wp:attachment":[{"href":"https:\/\/www.cronacaonline.it\/index.php\/wp-json\/wp\/v2\/media?parent=259233"}],"wp:term":[{"taxonomy":"category","embeddable":true,"href":"https:\/\/www.cronacaonline.it\/index.php\/wp-json\/wp\/v2\/categories?post=259233"},{"taxonomy":"post_tag","embeddable":true,"href":"https:\/\/www.cronacaonline.it\/index.php\/wp-json\/wp\/v2\/tags?post=259233"}],"curies":[{"name":"wp","href":"https:\/\/api.w.org\/{rel}","templated":true}]}}