{"id":259101,"date":"2025-04-26T09:56:20","date_gmt":"2025-04-26T07:56:20","guid":{"rendered":"https:\/\/www.cronacaonline.it\/?p=259101"},"modified":"2025-04-26T09:56:21","modified_gmt":"2025-04-26T07:56:21","slug":"un-38enne-arrestato-dagli-agenti-della-squadra-mobile-di-cagliari-per-il-reato-di-detenzione-ai-fini-di-spaccio-di-stupefacenti","status":"publish","type":"post","link":"https:\/\/www.cronacaonline.it\/index.php\/2025\/04\/26\/un-38enne-arrestato-dagli-agenti-della-squadra-mobile-di-cagliari-per-il-reato-di-detenzione-ai-fini-di-spaccio-di-stupefacenti\/","title":{"rendered":"Un 38enne arrestato dagli agenti della Squadra Mobile di Cagliari per il reato di detenzione ai fini di spaccio di stupefacenti."},"content":{"rendered":"\n<p>Cagliari, 26 Apr 2025 \u2013 Gli agenti della Squadra Mobile della Questura di Cagliari, hanno arrestato un 38enne, per l\u2019ipotesi di reato di detenzione ai fini di spaccio di sostanze stupefacenti, a seguito di un\u2019insolita circostanza che ha dato il via all\u2019indagine.<\/p>\n\n\n\n<p>Tutto \u00e8 cominciato nei parcheggi di un noto supermercato cittadino, dove un passante ha segnalato alla Polizia la presenza di un pacco sospetto, poi rivelatosi contenere 1,5 chili di Marijuana. Poi grazie alle immagini di videosorveglianza e a ulteriori accertamenti, gli investigatori della Mobile, sono riusciti a risalire all\u2019identit\u00e0 dell'uomo che, con ogni probabilit\u00e0, avrebbe smarrito il pacco di droga durante una precedente attivit\u00e0 di spaccio.<\/p>\n\n\n\n<p>Pertanto i poliziotti hanno attivato un\u2019attivit\u00e0 di monitoraggio che ha permesso di localizzare il sospettato presso la propria abitazione. E una volta identificato con certezza, \u00e8 scattata la perquisizione domiciliare, nel corso della quale sono stati rinvenuti altri quantitativi di sostanza stupefacente, materiale per il confezionamento e altri elementi ritenuti utili per l\u2019attivit\u00e0 investigativa.<\/p>\n\n\n\n<p>Il giovane, sconosciuto alle forze dell\u2019ordine, \u00e8 stato quindi dichiarato in arresto in flagranza di reato e condotto in Questura dove ultimate le formalit\u00e0 di rito \u00e8 comparso davanti al giudice unico presso il tribunale di Cagliari che durante l\u2019udienza di convalida, l\u2019avvocato difensore ha richiesto i termini a difesa ed il giovane \u00e8 stato rimesso in libert\u00e0.<\/p>\n\n\n\n<p>Quanto sopra si comunica nel rispetto dei diritti della persona indagata e della presunzione di innocenza, per quanto risulta allo stato, salvo ulteriori approfondimenti e in attesa del giudizio.<\/p>\n","protected":false},"excerpt":{"rendered":"<p>Cagliari, 26 Apr 2025 \u2013 Gli agenti della Squadra Mobile della Questura di Cagliari, hanno arrestato un 38enne, per l\u2019ipotesi di reato di detenzione ai&#8230;<\/p>\n","protected":false},"author":2,"featured_media":255298,"comment_status":"closed","ping_status":"open","sticky":false,"template":"","format":"standard","meta":[],"categories":[49,55],"tags":[],"_links":{"self":[{"href":"https:\/\/www.cronacaonline.it\/index.php\/wp-json\/wp\/v2\/posts\/259101"}],"collection":[{"href":"https:\/\/www.cronacaonline.it\/index.php\/wp-json\/wp\/v2\/posts"}],"about":[{"href":"https:\/\/www.cronacaonline.it\/index.php\/wp-json\/wp\/v2\/types\/post"}],"author":[{"embeddable":true,"href":"https:\/\/www.cronacaonline.it\/index.php\/wp-json\/wp\/v2\/users\/2"}],"replies":[{"embeddable":true,"href":"https:\/\/www.cronacaonline.it\/index.php\/wp-json\/wp\/v2\/comments?post=259101"}],"version-history":[{"count":1,"href":"https:\/\/www.cronacaonline.it\/index.php\/wp-json\/wp\/v2\/posts\/259101\/revisions"}],"predecessor-version":[{"id":259102,"href":"https:\/\/www.cronacaonline.it\/index.php\/wp-json\/wp\/v2\/posts\/259101\/revisions\/259102"}],"wp:featuredmedia":[{"embeddable":true,"href":"https:\/\/www.cronacaonline.it\/index.php\/wp-json\/wp\/v2\/media\/255298"}],"wp:attachment":[{"href":"https:\/\/www.cronacaonline.it\/index.php\/wp-json\/wp\/v2\/media?parent=259101"}],"wp:term":[{"taxonomy":"category","embeddable":true,"href":"https:\/\/www.cronacaonline.it\/index.php\/wp-json\/wp\/v2\/categories?post=259101"},{"taxonomy":"post_tag","embeddable":true,"href":"https:\/\/www.cronacaonline.it\/index.php\/wp-json\/wp\/v2\/tags?post=259101"}],"curies":[{"name":"wp","href":"https:\/\/api.w.org\/{rel}","templated":true}]}}