{"id":259083,"date":"2025-04-25T12:59:57","date_gmt":"2025-04-25T10:59:57","guid":{"rendered":"https:\/\/www.cronacaonline.it\/?p=259083"},"modified":"2025-04-25T12:59:59","modified_gmt":"2025-04-25T10:59:59","slug":"festa-della-liberazione-la-presidente-todde-a-nuoro-difendere-la-memoria-della-resistenza-e-contrastare-ogni-rigurgito-di-fascismo-e-attuare-la-costituzione","status":"publish","type":"post","link":"https:\/\/www.cronacaonline.it\/index.php\/2025\/04\/25\/festa-della-liberazione-la-presidente-todde-a-nuoro-difendere-la-memoria-della-resistenza-e-contrastare-ogni-rigurgito-di-fascismo-e-attuare-la-costituzione\/","title":{"rendered":"Festa della liberazione. La presidente Todde a Nuoro:\u00a0\u201cdifendere la memoria della resistenza e contrastare ogni rigurgito di fascismo e attuare la costituzione\u201d."},"content":{"rendered":"\n<p>Nuoro, 25 Apr 2025 - La presidente della Regione, Alessandra Todde, ha celebrato a Nuoro, l\u2019ottantesimo anniversario della Festa di Liberazione dell\u2019Italia dal nazifascismo e ha reso omaggio ai caduti, deponendo una corona di alloro nel Sacrario Militare del cimitero della sua citt\u00e0, insieme alle altre autorit\u00e0: il commissario straordinario del Comune, Giovanni Pirisi, la prefetta Alessandra Nigro, il questore Alfonso Polverino, il presidente dell\u2019Anpi, Graziano Pintori, il presidente del Tribunale, Mauro Pusceddu, il comandante dei Carabinieri di Nuoro, colonnello Gennaro Cassese, il maggiore della Guardia di Finanza, Dario Gattiglio, e la direttrice dell\u2019Istituto per la Storia dell\u2019antifascismo e dell\u2019et\u00e0 contemporanea della Sardegna Centrale, Marina Moncelsi.<\/p>\n\n\n\n<p>La Regione Sardegna, rappresentata dall\u2019assessora ai Trasporti Barbara Manca, ha reso omaggio ai partigiani e alla Resistenza a Cagliari, partecipando al tradizionale corteo della Festa della Liberazione partito da piazza Garibaldi e approdato in piazza Del Carmine. Cuore delle commemorazioni \u00e8 stato il&nbsp;Parco delle Rimembranze, dove \u00e8 stata deposta una corona di fiori alla presenza, dell\u2019assessora Manca, del Presidente del Consiglio Regionale, Piero Comandini e delle autorit\u00e0 civili e religiose della citt\u00e0.<\/p>\n\n\n\n<p>&nbsp;A Nuoro, dopo un momento di raccoglimento e commozione, in seguito all\u2019ascolto del Silenzio e dell\u2019Inno nazionale, la Presidente Todde ha voluto celebrare i valori della Resistenza dei partigiani che hanno permesso all\u2019Italia di sperare in un futuro di pace e benessere: \u201cOttant\u2019anni fa c\u2019\u00e8 stato un \u2018passaggio di testimone\u2019, dai partigiani a noi, che abbiamo il privilegio di vivere in democrazia\u201d, ha detto la presidente. \u201cI valori insiti nella Resistenza e nella Liberazione sono un\u2019eredit\u00e0 da custodire, da vivere e rinnovare ogni giorno, nel nostro lavoro, nei nostri rapporti sociali, nella nostra vita politica. La lotta partigiana che port\u00f2 al 25 aprile 1945 fu il processo in cui l\u2019Italia scelse di alzarsi in piedi. Di dire basta alla dittatura fascista, all\u2019occupazione militare, alla guerra. Scelse la libert\u00e0, la dignit\u00e0, l\u2019uguaglianza, la pace, la democrazia\u201d.<\/p>\n\n\n\n<p>Nel suo discorso ha citato il sacrificio dei partigiani e dei caduti sardi: \u201cAnche la Sardegna diede un contributo fondamentale alla Resistenza, ricordiamo, nomi come quello di&nbsp;Antonio Mereu,&nbsp;di Nuoro, o il partigiano di Orani&nbsp;Piero Borrotzu; o il mitico partigiano&nbsp;Nino Garau, il comandante \u2018Geppe\u2019; o ancora&nbsp;Giaime Pintor. Perch\u00e9 non bisogna dimenticare che la Resistenza non fu solo guerra: fu un risveglio delle coscienze.<\/p>\n\n\n\n<p>Insieme ad&nbsp;Antonio Gramsci, un altro gigante sardo della coscienza antifascista fu&nbsp;Emilio Lussu, anche lui, come il filosofo comunista, visse l\u2019esperienza della prigionia fascista con lo sguardo di chi aveva intuito la necessit\u00e0 della ribellione morale e politica\".&nbsp;<\/p>\n\n\n\n<p>E non \u00e8 mancato un pensiero commosso a&nbsp;Papa Francesco, morto qualche giorno fa: \u201cIn tutto il suo magistero, la parola che ha utilizzato pi\u00f9 di tutte \u00e8 pace, un valore fondamentale della Liberazione e della nostra Repubblica, che quasi quotidianamente viene messo in discussione e che invece noi abbiamo il dovere di difendere. Papa Francesco ha detto che \u2018Ogni guerra \u00e8 una sconfitta. Una sconfitta dell\u2019umanit\u00e0\u2019.&nbsp;Ricordiamocelo ogni giorno\u201d.&nbsp;<\/p>\n\n\n\n<p>Infine, un monito affinch\u00e9 i sardi portino avanti i valori della Resistenza: \u201cDifendere la memoria della Resistenza significa contrastare con fermezza ogni rigurgito di fascismo, ogni forma di odio; significa impegnarsi perch\u00e9 la Costituzione nata da quella lotta sia pienamente attuata. Per noi sardi significa lavorare perch\u00e9 la nostra terra sia parte attiva in questo processo di liberazione: dalla povert\u00e0, dalla marginalit\u00e0, dalle disuguaglianze. Ottant\u2019anni fa, l\u2019Italia seppe scegliere, anche quando il prezzo da pagare era altissimo. Il nostro compito, oggi, \u00e8 continuare a scegliere ogni giorno la parte giusta della storia. Viva il 25 aprile. Viva la Sardegna antifascista. Viva la Repubblica!\u201d ha concluso la Presidente Todde. Red<\/p>\n","protected":false},"excerpt":{"rendered":"<p>Nuoro, 25 Apr 2025 &#8211; La presidente della Regione, Alessandra Todde, ha celebrato a Nuoro, l\u2019ottantesimo anniversario della Festa di Liberazione dell\u2019Italia dal nazifascismo e&#8230;<\/p>\n","protected":false},"author":2,"featured_media":259084,"comment_status":"closed","ping_status":"open","sticky":false,"template":"","format":"standard","meta":[],"categories":[49,52],"tags":[],"_links":{"self":[{"href":"https:\/\/www.cronacaonline.it\/index.php\/wp-json\/wp\/v2\/posts\/259083"}],"collection":[{"href":"https:\/\/www.cronacaonline.it\/index.php\/wp-json\/wp\/v2\/posts"}],"about":[{"href":"https:\/\/www.cronacaonline.it\/index.php\/wp-json\/wp\/v2\/types\/post"}],"author":[{"embeddable":true,"href":"https:\/\/www.cronacaonline.it\/index.php\/wp-json\/wp\/v2\/users\/2"}],"replies":[{"embeddable":true,"href":"https:\/\/www.cronacaonline.it\/index.php\/wp-json\/wp\/v2\/comments?post=259083"}],"version-history":[{"count":1,"href":"https:\/\/www.cronacaonline.it\/index.php\/wp-json\/wp\/v2\/posts\/259083\/revisions"}],"predecessor-version":[{"id":259085,"href":"https:\/\/www.cronacaonline.it\/index.php\/wp-json\/wp\/v2\/posts\/259083\/revisions\/259085"}],"wp:featuredmedia":[{"embeddable":true,"href":"https:\/\/www.cronacaonline.it\/index.php\/wp-json\/wp\/v2\/media\/259084"}],"wp:attachment":[{"href":"https:\/\/www.cronacaonline.it\/index.php\/wp-json\/wp\/v2\/media?parent=259083"}],"wp:term":[{"taxonomy":"category","embeddable":true,"href":"https:\/\/www.cronacaonline.it\/index.php\/wp-json\/wp\/v2\/categories?post=259083"},{"taxonomy":"post_tag","embeddable":true,"href":"https:\/\/www.cronacaonline.it\/index.php\/wp-json\/wp\/v2\/tags?post=259083"}],"curies":[{"name":"wp","href":"https:\/\/api.w.org\/{rel}","templated":true}]}}