{"id":258981,"date":"2025-04-21T15:30:01","date_gmt":"2025-04-21T13:30:01","guid":{"rendered":"https:\/\/www.cronacaonline.it\/?p=258981"},"modified":"2025-04-21T15:30:04","modified_gmt":"2025-04-21T13:30:04","slug":"scomparsa-papa-francesco-la-presidente-todde-lascia-un-vuoto-incolmabile-senza-di-lui-la-pace-e-piu-lontana","status":"publish","type":"post","link":"https:\/\/www.cronacaonline.it\/index.php\/2025\/04\/21\/scomparsa-papa-francesco-la-presidente-todde-lascia-un-vuoto-incolmabile-senza-di-lui-la-pace-e-piu-lontana\/","title":{"rendered":"Scomparsa Papa Francesco, la presidente Todde: \u201clascia un vuoto incolmabile. Senza di lui la pace \u00e8 pi\u00f9 lontana\u201d."},"content":{"rendered":"\n<p>Cagliari, 21 Apr 2025 - \u201cProvo un dolore personale fortissimo per la scomparsa di Papa Francesco, un pontefice vicino alle persone, agli ultimi, la cui vicinanza era concreta e costante, sono le prime parole della presidente della Regione Autonoma della Sardegna, Alessandra Todde alla notizia della morte di Jorge Mario Bergoglio.<br>\u201cEsprimo a nome della Regione \u2013 continua Todde \u2013 un sentimento di profonda tristezza per la perdita di un papa a cui eravamo particolarmente affezionati, anche per la sua vicinanza con Cagliari, dove ha voluto svolgere la sua prima visita ufficiale per il suo legame con la madonna di Bonaria, che ha dato il nome alla sua citt\u00e0 natale, Buenos Aires\u201d.\u00a0<br>\u201cLa sua scomparsa lascia un vuoto incolmabile \u2013 sottolinea la presidente della Regione Sardegna \u2013 perch\u00e9 l\u2019azione del suo pontificato si \u00e8 dipanata con determinazione alla ricerca della pace, della solidariet\u00e0 tra i popoli e della giustizia, senza badare a confini geografici, politici o confessionali. Una risolutezza che lo ha portato a scontrarsi spesso contro lo scetticismo dei potenti del mondo, come \u00e8 avvenuto per Gaza o per l\u2019Ucraina, solo per limitarci a due esempi eclatanti. Con la sua visita a Lampedusa dell\u20198 luglio 2013, pochi mesi dopo la sua elezione al soglio di Pietro, ha sconfitto il cinismo di chi ignora o strumentalizza un dramma enorme come le migrazioni e le morti nel Mediterraneo. Con la sua scomparsa il raggiungimento della pace e della fratellanza umana si allontanano mentre invece il mondo vede avanzare le tenebre dell\u2019odio, della discriminazione e della guerra\u201d.\u00a0<br>\u201cPapa Francesco \u2013 conclude Alessandra Todde \u2013 ha insegnato a tutti noi che la vera grandezza sta nel servire con umilt\u00e0, nell\u2019amare senza barriere e nell\u2019affermare la dignit\u00e0 di ogni essere umano. La sua scomparsa segna l\u2019assenza di una guida morale che ci ha accompagnato nei momenti pi\u00f9 difficili e ci ha indicato la strada della speranza. Il vuoto che lascia \u00e8 profondissimo, ma la sua lezione deve continuare a spingerci a lottare per un mondo pi\u00f9 giusto, umano e accogliente, come lui ci ha insegnato a fare\u201d. Red<\/p>\n","protected":false},"excerpt":{"rendered":"<p>Cagliari, 21 Apr 2025 &#8211; \u201cProvo un dolore personale fortissimo per la scomparsa di Papa Francesco, un pontefice vicino alle persone, agli ultimi, la cui&#8230;<\/p>\n","protected":false},"author":2,"featured_media":255046,"comment_status":"closed","ping_status":"open","sticky":false,"template":"","format":"standard","meta":[],"categories":[49,52],"tags":[],"_links":{"self":[{"href":"https:\/\/www.cronacaonline.it\/index.php\/wp-json\/wp\/v2\/posts\/258981"}],"collection":[{"href":"https:\/\/www.cronacaonline.it\/index.php\/wp-json\/wp\/v2\/posts"}],"about":[{"href":"https:\/\/www.cronacaonline.it\/index.php\/wp-json\/wp\/v2\/types\/post"}],"author":[{"embeddable":true,"href":"https:\/\/www.cronacaonline.it\/index.php\/wp-json\/wp\/v2\/users\/2"}],"replies":[{"embeddable":true,"href":"https:\/\/www.cronacaonline.it\/index.php\/wp-json\/wp\/v2\/comments?post=258981"}],"version-history":[{"count":1,"href":"https:\/\/www.cronacaonline.it\/index.php\/wp-json\/wp\/v2\/posts\/258981\/revisions"}],"predecessor-version":[{"id":258982,"href":"https:\/\/www.cronacaonline.it\/index.php\/wp-json\/wp\/v2\/posts\/258981\/revisions\/258982"}],"wp:featuredmedia":[{"embeddable":true,"href":"https:\/\/www.cronacaonline.it\/index.php\/wp-json\/wp\/v2\/media\/255046"}],"wp:attachment":[{"href":"https:\/\/www.cronacaonline.it\/index.php\/wp-json\/wp\/v2\/media?parent=258981"}],"wp:term":[{"taxonomy":"category","embeddable":true,"href":"https:\/\/www.cronacaonline.it\/index.php\/wp-json\/wp\/v2\/categories?post=258981"},{"taxonomy":"post_tag","embeddable":true,"href":"https:\/\/www.cronacaonline.it\/index.php\/wp-json\/wp\/v2\/tags?post=258981"}],"curies":[{"name":"wp","href":"https:\/\/api.w.org\/{rel}","templated":true}]}}