{"id":258948,"date":"2025-04-20T17:42:39","date_gmt":"2025-04-20T15:42:39","guid":{"rendered":"https:\/\/www.cronacaonline.it\/?p=258948"},"modified":"2025-04-20T17:43:09","modified_gmt":"2025-04-20T15:43:09","slug":"allerta-maltempo-in-sardegna-codice-giallo-anche-a-cagliari-per-la-giornata-di-pasquetta","status":"publish","type":"post","link":"https:\/\/www.cronacaonline.it\/index.php\/2025\/04\/20\/allerta-maltempo-in-sardegna-codice-giallo-anche-a-cagliari-per-la-giornata-di-pasquetta\/","title":{"rendered":"Allerta maltempo in Sardegna: codice giallo anche a Cagliari per la giornata di Pasquetta."},"content":{"rendered":"\n<p>Cagliari, 20 Apr 2025 - A partire dalle ore 3 e sino alle ore 18 di domani, luned\u00ec 21 aprile 2025, il Campidano sar\u00e0 interessato da allerta codice giallo (criticit\u00e0 ordinaria) per rischio idrogeologico; dalle ore 6 alle ore 21 sar\u00e0 invece codice giallo (criticit\u00e0 ordinaria) per rischio idraulico. L\u2019avviso \u00e8 della Protezione civile regionale.<\/p>\n\n\n\n<p>In presenza di fenomeni temporaleschi, questi i comportamenti e le cautele consigliate: restare nelle proprie abitazioni; se ci si trova in un locale seminterrato o al piano terra, salire ai piani superiori; limitare i trasferimenti in auto ai soli casi di urgenza; mantenersi informati sull'evoluzione dei fenomeni, sulle misure da adottare, sulle procedure da seguire indicate dalle strutture territoriali di Protezione civile.<\/p>\n\n\n\n<p>Inoltre, \u00e8 fatto divieto di attraversare torrenti in piena a piedi o con qualsiasi mezzo, di sostare in prossimit\u00e0 di ponti e argini di torrenti e\/o fiumi e di attraversare sottopassi.<\/p>\n\n\n\n<p>Per il territorio municipale di Pirri, una zona soggetta a fenomeni di allagamento, con uno specifico avviso la Protezione civile del Comune di Cagliari ha reso noto anche il seguente elenco delle strade in cui \u00e8 sconsigliato lasciare parcheggiati i veicoli durante il periodo di rischio idrogeologico e idraulico.<\/p>\n","protected":false},"excerpt":{"rendered":"<p>Cagliari, 20 Apr 2025 &#8211; A partire dalle ore 3 e sino alle ore 18 di domani, luned\u00ec 21 aprile 2025, il Campidano sar\u00e0 interessato&#8230;<\/p>\n","protected":false},"author":2,"featured_media":195157,"comment_status":"closed","ping_status":"open","sticky":false,"template":"","format":"standard","meta":[],"categories":[49,53],"tags":[],"_links":{"self":[{"href":"https:\/\/www.cronacaonline.it\/index.php\/wp-json\/wp\/v2\/posts\/258948"}],"collection":[{"href":"https:\/\/www.cronacaonline.it\/index.php\/wp-json\/wp\/v2\/posts"}],"about":[{"href":"https:\/\/www.cronacaonline.it\/index.php\/wp-json\/wp\/v2\/types\/post"}],"author":[{"embeddable":true,"href":"https:\/\/www.cronacaonline.it\/index.php\/wp-json\/wp\/v2\/users\/2"}],"replies":[{"embeddable":true,"href":"https:\/\/www.cronacaonline.it\/index.php\/wp-json\/wp\/v2\/comments?post=258948"}],"version-history":[{"count":1,"href":"https:\/\/www.cronacaonline.it\/index.php\/wp-json\/wp\/v2\/posts\/258948\/revisions"}],"predecessor-version":[{"id":258949,"href":"https:\/\/www.cronacaonline.it\/index.php\/wp-json\/wp\/v2\/posts\/258948\/revisions\/258949"}],"wp:featuredmedia":[{"embeddable":true,"href":"https:\/\/www.cronacaonline.it\/index.php\/wp-json\/wp\/v2\/media\/195157"}],"wp:attachment":[{"href":"https:\/\/www.cronacaonline.it\/index.php\/wp-json\/wp\/v2\/media?parent=258948"}],"wp:term":[{"taxonomy":"category","embeddable":true,"href":"https:\/\/www.cronacaonline.it\/index.php\/wp-json\/wp\/v2\/categories?post=258948"},{"taxonomy":"post_tag","embeddable":true,"href":"https:\/\/www.cronacaonline.it\/index.php\/wp-json\/wp\/v2\/tags?post=258948"}],"curies":[{"name":"wp","href":"https:\/\/api.w.org\/{rel}","templated":true}]}}