{"id":258909,"date":"2025-04-18T15:50:46","date_gmt":"2025-04-18T13:50:46","guid":{"rendered":"https:\/\/www.cronacaonline.it\/?p=258909"},"modified":"2025-04-18T15:50:49","modified_gmt":"2025-04-18T13:50:49","slug":"definite-in-prefettura-le-misure-di-sicurezza-per-santefisio-e-le-festivita-di-pasqua","status":"publish","type":"post","link":"https:\/\/www.cronacaonline.it\/index.php\/2025\/04\/18\/definite-in-prefettura-le-misure-di-sicurezza-per-santefisio-e-le-festivita-di-pasqua\/","title":{"rendered":"Definite in Prefettura le misure di sicurezza per Sant\u2019Efisio e le festivit\u00e0 di Pasqua."},"content":{"rendered":"\n<p>Cagliari, 18 Apr 2025 - Si \u00e8 tenuto in Prefettura un Comitato Provinciale per l\u2019Ordine e la Sicurezza Pubblica per l\u2019esame del Piano di Sicurezza predisposto per le celebrazioni di Sant\u2019Efisio, in programma tra le giornate del 1\u00b0 e 4 Maggio, e delle festivit\u00e0 pasquali.<\/p>\n\n\n\n<p>Erano presenti i vertici provinciali delle Forze di Polizia, della Polizia Stradale e dei Vigili del Fuoco e i rappresentanti dei comuni di Cagliari, Capoterra, Sarroch e Pula, dell\u2019Anas, dell\u2019Azienda Regionale dell'Emergenza e Urgenza della Sardegna&nbsp;(Areus), dell\u2019Arcivescovado e dell\u2019Arciconfraternita del Gonfalone.<\/p>\n\n\n\n<p>Il percorso di Sant\u2019Efisio vedr\u00e0 la statua del Santo essere portata in processione da Cagliari a Nora e ritorno, attraverso i comuni di Capoterra, Sarroch e Pula e coinvolger\u00e0, nelle diverse giornate, migliaia di persone, tra fedeli e turisti.<\/p>\n\n\n\n<p>Rispetto alle edizioni passate ci sar\u00e0 per\u00f2 una novit\u00e0 relativamente alla tappa di Capoterra. A causa dei numerosi cantieri stradali, che potrebbero compromettere la sicurezza dei fedeli, si \u00e8 deciso di eliminare, eccezionalmente per quest\u2019anno, la tappa di Su Loi. Confermata invece la fermata del Lido di Capoterra, in localit\u00e0 La Maddalena, dove si concentrer\u00e0 la maggior parte della processione. Il Santo poi ripartir\u00e0 regolarmente per Villa d\u2019Orri, nel comune di Sarroch.<\/p>\n\n\n\n<p>Durante l\u2019incontro \u00e8 stata programmata una accurata pianificazione delle misure di sicurezza, ed \u00e8 stato convenuto, su richiesta del rappresentante di Areus, di spostare la postazione medica avanzata, da loro coordinata, da piazza Yenne a piazza Matteotti, sempre nel centro cittadino.<\/p>\n\n\n\n<p>Per definire gli ultimi dettagli di natura tecnica, il Prefetto ha disposto un tavolo tecnico delle Forze di Polizia, da tenersi in Questura nei giorni immediatamente precedenti alla processione ed allargato anche a Vigli del Fuoco e Comune di Cagliari.&nbsp;&nbsp;<\/p>\n\n\n\n<p>Lo svolgimento della manifestazione sar\u00e0 costantemente monitorato dalla sala operativa appositamente allestita dal Comune di Cagliari nella sede di via Roma.<\/p>\n\n\n\n<p>Nello stesso Comitato sono stati definiti anche i servizi di prevenzione e controllo volti a garantire il sereno svolgimento delle festivit\u00e0 Pasquali.<\/p>\n\n\n\n<p>Il Comitato ha disposto, in ottemperanza alle recenti disposizioni ministeriali, i servizi di sicurezza e il rafforzamento delle misure gi\u00e0 in atto. Particolare attenzione sar\u00e0 riservata ai siti di maggior interesse turistico e commerciale, nonch\u00e9 ai luoghi di ritrovo giovanile. In previsione dell\u2019incremento del flusso turistico, saranno altres\u00ec intensificati i controlli presso lo scalo aeroportuale di Elmas e il porto di Cagliari, nel quale, ormai gi\u00e0 da diverse settimane, si registra l\u2019approdo di numerose navi da crociera. Com<\/p>\n","protected":false},"excerpt":{"rendered":"<p>Cagliari, 18 Apr 2025 &#8211; Si \u00e8 tenuto in Prefettura un Comitato Provinciale per l\u2019Ordine e la Sicurezza Pubblica per l\u2019esame del Piano di Sicurezza&#8230;<\/p>\n","protected":false},"author":2,"featured_media":258910,"comment_status":"closed","ping_status":"open","sticky":false,"template":"","format":"standard","meta":[],"categories":[49,53],"tags":[],"_links":{"self":[{"href":"https:\/\/www.cronacaonline.it\/index.php\/wp-json\/wp\/v2\/posts\/258909"}],"collection":[{"href":"https:\/\/www.cronacaonline.it\/index.php\/wp-json\/wp\/v2\/posts"}],"about":[{"href":"https:\/\/www.cronacaonline.it\/index.php\/wp-json\/wp\/v2\/types\/post"}],"author":[{"embeddable":true,"href":"https:\/\/www.cronacaonline.it\/index.php\/wp-json\/wp\/v2\/users\/2"}],"replies":[{"embeddable":true,"href":"https:\/\/www.cronacaonline.it\/index.php\/wp-json\/wp\/v2\/comments?post=258909"}],"version-history":[{"count":1,"href":"https:\/\/www.cronacaonline.it\/index.php\/wp-json\/wp\/v2\/posts\/258909\/revisions"}],"predecessor-version":[{"id":258911,"href":"https:\/\/www.cronacaonline.it\/index.php\/wp-json\/wp\/v2\/posts\/258909\/revisions\/258911"}],"wp:featuredmedia":[{"embeddable":true,"href":"https:\/\/www.cronacaonline.it\/index.php\/wp-json\/wp\/v2\/media\/258910"}],"wp:attachment":[{"href":"https:\/\/www.cronacaonline.it\/index.php\/wp-json\/wp\/v2\/media?parent=258909"}],"wp:term":[{"taxonomy":"category","embeddable":true,"href":"https:\/\/www.cronacaonline.it\/index.php\/wp-json\/wp\/v2\/categories?post=258909"},{"taxonomy":"post_tag","embeddable":true,"href":"https:\/\/www.cronacaonline.it\/index.php\/wp-json\/wp\/v2\/tags?post=258909"}],"curies":[{"name":"wp","href":"https:\/\/api.w.org\/{rel}","templated":true}]}}