{"id":258886,"date":"2025-04-18T10:08:33","date_gmt":"2025-04-18T08:08:33","guid":{"rendered":"https:\/\/www.cronacaonline.it\/?p=258886"},"modified":"2025-04-18T10:08:36","modified_gmt":"2025-04-18T08:08:36","slug":"macchiareddu-la-strada-conti-vecchi-riapre-oggi-al-traffico-e-diventa-a-doppio-senso-lungo-la-laguna-si-inaugura-la-pista-ciclabile-luminescente-piu-lunga-deuropa","status":"publish","type":"post","link":"https:\/\/www.cronacaonline.it\/index.php\/2025\/04\/18\/macchiareddu-la-strada-conti-vecchi-riapre-oggi-al-traffico-e-diventa-a-doppio-senso-lungo-la-laguna-si-inaugura-la-pista-ciclabile-luminescente-piu-lunga-deuropa\/","title":{"rendered":"Macchiareddu: La strada Conti Vecchi riapre oggi al traffico e diventa a doppio senso. Lungo la laguna si inaugura la pista ciclabile luminescente pi\u00f9 lunga d\u2019Europa."},"content":{"rendered":"\n<p>Cagliari, 18 Apr 2025 - Riapre al traffico, oggi alle 16, la strada Conti Vecchi di Macchiareddu: dopo l\u2019ordinanza firmata dall\u2019Anas, torna ad essere percorribile la rampa di uscita sulla Strada statale 195,\u00a0all\u2019altezza della zona di Sa Illetta, e lo svincolo della Strada provinciale 2, nei pressi dello stabilimento industriale della Syndial. Al raddoppio della strada che fiancheggia la splendida laguna di Santa Gilla, che collega Cagliari, alla zona industriale e ad Assemini, portati avanti dal Cacip, si unisce l\u2019apertura della pista ciclabile che si illumina di notte\u00a0grazie a un rivestimento fotoluminescente capace di garantire una superficie fluorescente al buio: con i suoi 3 km, \u00e8 il percorso ciclopedonale con questa particolare caratteristica pi\u00f9 lungo d\u2019Europa. I lavori, finanziati con fondi FSC 2014-2020 e inseriti nel Piano Operativo Infrastrutture, sono costati poco meno di 7milioni di euro. L\u2019opera \u00e8 stata seguita passo dopo passo dallo staff di ingegneri del Cacip: il responsabile unico del progetto, Franco Serra; il progettista e direttore dei lavori Matteo Bordignon, e il collaudatore Stefano Mascia.\u00a0<\/p>\n\n\n\n<p>I lavori sono durati tre anni.<\/p>\n\n\n\n<p>Nonostante i cantieri si siano dovuti bloccare ogni anno dal 1\u00b0 aprile al 31 agosto per la nidificazione degli uccelli che popolano la laguna, il Cacip \u00e8 riuscito a completare l\u2019importante opera viaria nei tempi prestabiliti. La nuova bretella e la pista ciclabile sono sorte sull\u2019esistente percorso di servizio dell'elettrodotto e dell'acquedotto: per tutelare la qualit\u00e0 dell\u2019aria, sia in termini di emissioni in atmosfera che di rumore ambientale, \u00e8 stata utilizzata una pavimentazione stradale fonoassorbente con l'utilizzo di una emulsione fotocatalitica. Per il rispetto degli animali, inoltre, sono stati predisposti degli attraversamenti in calcestruzzo e delle barriere per rendere sicuro il transito di anfibi e specie di piccola taglia, e impedire l\u2019eventuale attraversamento del piano stradale.<\/p>\n\n\n\n<p>Barbara Porru, presidente del Consorzio industriale di Cagliari, sottolinea l\u2019importanza strategica del doppio senso della Conti Vecchi:<\/p>\n\n\n\n<p>\u201cLe imprese chiedevano da tempo una viabilit\u00e0 all\u2019altezza di questa zona industriale, con il raddoppio della Conti Vecchi si accorciano i tempi di percorrenza e si riduce la distanza tra tutti i punti strategici del capoluogo e Macchiareddu. Siamo molto soddisfatti, inoltre, di aver dato vita a un percorso ciclopedonale immerso in un bellissimo paesaggio come la laguna di Santa Gilla, che grazie all\u2019utilizzo di materiali speciali si trasforma in una pista luminescente\u201d.<\/p>\n\n\n\n<p>Franco Serra, Rup del progetto, chiarisce alcuni aspetti legati alla viabilit\u00e0 della nuova Conti Vecchi:<\/p>\n\n\n\n<p>\u201c\u00c8 bene precisare che questo percorso, gi\u00e0 attraversato quotidianamente da circa cinquemila veicoli, non pu\u00f2 considerarsi un\u2019alternativa alla Strada statale 195, perch\u00e9 non \u00e8 certo in grado di sostenere la stessa mole di traffico. La pista ciclabile realizzata, che andr\u00e0 a raccordarsi a un progetto della Regione molto pi\u00f9 ampio, in Sardegna \u00e8 unica nel suo genere: grazie alla sua speciale formulazione che permette al materiale di assorbire le radiazioni ultraviolette della luce solare, \u00e8 in grado di produrre un effetto di irraggiamento luminescente durante le ore notturne\u201d. Com<\/p>\n","protected":false},"excerpt":{"rendered":"<p>Cagliari, 18 Apr 2025 &#8211; Riapre al traffico, oggi alle 16, la strada Conti Vecchi di Macchiareddu: dopo l\u2019ordinanza firmata dall\u2019Anas, torna ad essere percorribile&#8230;<\/p>\n","protected":false},"author":2,"featured_media":258887,"comment_status":"closed","ping_status":"open","sticky":false,"template":"","format":"standard","meta":[],"categories":[49,53],"tags":[],"_links":{"self":[{"href":"https:\/\/www.cronacaonline.it\/index.php\/wp-json\/wp\/v2\/posts\/258886"}],"collection":[{"href":"https:\/\/www.cronacaonline.it\/index.php\/wp-json\/wp\/v2\/posts"}],"about":[{"href":"https:\/\/www.cronacaonline.it\/index.php\/wp-json\/wp\/v2\/types\/post"}],"author":[{"embeddable":true,"href":"https:\/\/www.cronacaonline.it\/index.php\/wp-json\/wp\/v2\/users\/2"}],"replies":[{"embeddable":true,"href":"https:\/\/www.cronacaonline.it\/index.php\/wp-json\/wp\/v2\/comments?post=258886"}],"version-history":[{"count":1,"href":"https:\/\/www.cronacaonline.it\/index.php\/wp-json\/wp\/v2\/posts\/258886\/revisions"}],"predecessor-version":[{"id":258888,"href":"https:\/\/www.cronacaonline.it\/index.php\/wp-json\/wp\/v2\/posts\/258886\/revisions\/258888"}],"wp:featuredmedia":[{"embeddable":true,"href":"https:\/\/www.cronacaonline.it\/index.php\/wp-json\/wp\/v2\/media\/258887"}],"wp:attachment":[{"href":"https:\/\/www.cronacaonline.it\/index.php\/wp-json\/wp\/v2\/media?parent=258886"}],"wp:term":[{"taxonomy":"category","embeddable":true,"href":"https:\/\/www.cronacaonline.it\/index.php\/wp-json\/wp\/v2\/categories?post=258886"},{"taxonomy":"post_tag","embeddable":true,"href":"https:\/\/www.cronacaonline.it\/index.php\/wp-json\/wp\/v2\/tags?post=258886"}],"curies":[{"name":"wp","href":"https:\/\/api.w.org\/{rel}","templated":true}]}}