{"id":258830,"date":"2025-04-17T11:33:20","date_gmt":"2025-04-17T09:33:20","guid":{"rendered":"https:\/\/www.cronacaonline.it\/?p=258830"},"modified":"2025-04-17T11:33:22","modified_gmt":"2025-04-17T09:33:22","slug":"presentata-nei-locali-della-curia-diocesana-di-cagliari-la-societa-assi-e-m-e-della-diocesi-di-cagliari","status":"publish","type":"post","link":"https:\/\/www.cronacaonline.it\/index.php\/2025\/04\/17\/presentata-nei-locali-della-curia-diocesana-di-cagliari-la-societa-assi-e-m-e-della-diocesi-di-cagliari\/","title":{"rendered":"Presentata nei locali della Curia diocesana di Cagliari la societ\u00e0 Assi.e.m.e della Diocesi di Cagliari."},"content":{"rendered":"\n<p>Cagliari, 17 Apr 2025 - \u00c8 stata presentata luned\u00ec 14 aprile, nei locali della Curia diocesana di Cagliari, la societ\u00e0\u00a0Assi.e.m.e, nata nel gennaio 2025 e illustrata nei giorni scorsi alla presenza dell\u2019Arcivescovo Giuseppe Baturi. Si tratta di una realt\u00e0 che si pone un obiettivo chiaro: dare supporto ai diversi enti ecclesiastici nelle questioni amministrative, e aiutarli a trovare le condizioni economiche pi\u00f9 vantaggiose, cos\u00ec da risparmiare e reinvestire le risorse in attivit\u00e0 pastorali e sociali.<\/p>\n\n\n\n<p>\u00abAbbiamo pensato a questa societ\u00e0 \u2013 spiega l\u2019amministratore don Andrea Busia \u2013 perch\u00e9 tante parrocchie ci segnalavano difficolt\u00e0 nell\u2019affrontare questioni economiche e burocratiche, come scegliere l\u2019offerta pi\u00f9 conveniente per l\u2019energia elettrica o per altri servizi essenziali. Questo vale anche per istituti religiosi, scuole, conventi o centri caritativi che hanno un alto tasso di consumo e hanno bisogno di sostegno per non sprecare risorse economiche e tempo\u00bb.<\/p>\n\n\n\n<p>\u00abIl nome \u201cAssi.e.m.e\u201d \u2013 continua don Busia \u2013 \u00e8 frutto dello spirito di collaborazione che ha guidato la nascita di questa realt\u00e0: quello completo sarebbe&nbsp;Assistenza agli enti del mondo ecclesiale, ma si \u00e8 voluto puntare su un\u2019unica parola che richiami l\u2019unione, il camminare insieme, il lavorare in rete per il bene comune. E questa rete, che oggi parte dalla Diocesi di Cagliari, potr\u00e0 allargarsi anche ad altre diocesi sarde\u00bb.<\/p>\n\n\n\n<p>Nel primo periodo, la nuova societ\u00e0 diocesana sar\u00e0 accompagnata dalla Diocesi di Milano, che da quasi dieci anni ha attivato un servizio simile e metter\u00e0 a disposizione formazione, strumenti e supporto. L\u2019idea \u00e8 partire con la fornitura energetica, per poi allargare il servizio ad altri ambiti come telefonia, assicurazioni e altri servizi di gestione. Destinatari, tutti gli enti che fanno parte o sono vicini al mondo ecclesiale, tra cui parrocchie, scuole, conventi, confraternite e altre realt\u00e0 diocesane.<\/p>\n\n\n\n<p>\u00abIl nostro obiettivo \u2013 conclude don Busia \u2013 \u00e8 semplificare la vita ai parroci e ai responsabili delle varie realt\u00e0 ecclesiali, cos\u00ec che possano dedicarsi alla missione pastorale, sapendo di avere un aiuto per tutto ci\u00f2 che riguarda la gestione amministrativa. E, allo stesso tempo, aiutare queste realt\u00e0 a risparmiare, per usare meglio le risorse: per i giovani, per i pi\u00f9 fragili, per chi ha bisogno\u00bb. Com<\/p>\n","protected":false},"excerpt":{"rendered":"<p>Cagliari, 17 Apr 2025 &#8211; \u00c8 stata presentata luned\u00ec 14 aprile, nei locali della Curia diocesana di Cagliari, la societ\u00e0\u00a0Assi.e.m.e, nata nel gennaio 2025 e&#8230;<\/p>\n","protected":false},"author":2,"featured_media":144276,"comment_status":"closed","ping_status":"open","sticky":false,"template":"","format":"standard","meta":[],"categories":[49,53],"tags":[],"_links":{"self":[{"href":"https:\/\/www.cronacaonline.it\/index.php\/wp-json\/wp\/v2\/posts\/258830"}],"collection":[{"href":"https:\/\/www.cronacaonline.it\/index.php\/wp-json\/wp\/v2\/posts"}],"about":[{"href":"https:\/\/www.cronacaonline.it\/index.php\/wp-json\/wp\/v2\/types\/post"}],"author":[{"embeddable":true,"href":"https:\/\/www.cronacaonline.it\/index.php\/wp-json\/wp\/v2\/users\/2"}],"replies":[{"embeddable":true,"href":"https:\/\/www.cronacaonline.it\/index.php\/wp-json\/wp\/v2\/comments?post=258830"}],"version-history":[{"count":1,"href":"https:\/\/www.cronacaonline.it\/index.php\/wp-json\/wp\/v2\/posts\/258830\/revisions"}],"predecessor-version":[{"id":258831,"href":"https:\/\/www.cronacaonline.it\/index.php\/wp-json\/wp\/v2\/posts\/258830\/revisions\/258831"}],"wp:featuredmedia":[{"embeddable":true,"href":"https:\/\/www.cronacaonline.it\/index.php\/wp-json\/wp\/v2\/media\/144276"}],"wp:attachment":[{"href":"https:\/\/www.cronacaonline.it\/index.php\/wp-json\/wp\/v2\/media?parent=258830"}],"wp:term":[{"taxonomy":"category","embeddable":true,"href":"https:\/\/www.cronacaonline.it\/index.php\/wp-json\/wp\/v2\/categories?post=258830"},{"taxonomy":"post_tag","embeddable":true,"href":"https:\/\/www.cronacaonline.it\/index.php\/wp-json\/wp\/v2\/tags?post=258830"}],"curies":[{"name":"wp","href":"https:\/\/api.w.org\/{rel}","templated":true}]}}