{"id":258802,"date":"2025-04-16T19:47:43","date_gmt":"2025-04-16T17:47:43","guid":{"rendered":"https:\/\/www.cronacaonline.it\/?p=258802"},"modified":"2025-04-16T19:47:44","modified_gmt":"2025-04-16T17:47:44","slug":"bosa-beer-fest-2025-lanno-della-rana-celebra-lartista-salvatorangelo-spanu-con-birra-artigianale-deccellenza-e-un-programma-spettacolare","status":"publish","type":"post","link":"https:\/\/www.cronacaonline.it\/index.php\/2025\/04\/16\/bosa-beer-fest-2025-lanno-della-rana-celebra-lartista-salvatorangelo-spanu-con-birra-artigianale-deccellenza-e-un-programma-spettacolare\/","title":{"rendered":"Bosa Beer Fest 2025: &#8220;L&#8217;Anno della Rana&#8221; celebra l&#8217;artista Salvatorangelo Spanu con birra artigianale d&#8217;eccellenza e un programma spettacolare."},"content":{"rendered":"\n<p>Cagliari, 16 Apr 2025 - \u00a0\u00c8 stato presentato stamane presso l\u2019Assessorato Regionale al Turismo il Bosa Beer Fest, uno dei pi\u00f9 importanti festival italiani dedicati alla birra artigianale, in programma a Bosa dal 24 al 27 aprile 2025. L'evento, organizzato dall'associazione Sardinia4All, si svolger\u00e0 come di consueto nello splendido scenario del Lungo Temo, tra il Ponte Vecchio e le storiche concerie, con il castello medievale dei Malaspina a fare da sfondo. A fare gli onori di casa, l\u2019On. Franco Cuccureddu, Assessore Regionale al Turismo e l\u2019On. Alfonso Marras Sindaco di Bosa e Consigliere Regionale. Hanno partecipato inoltre i partner dell\u2019evento ed in particolare i rappresentanti di Doppio Malto, azienda sarda leader nella ristorazione e nella produzione brassicola. L'edizione 2025 sar\u00e0 un tributo speciale all'artista bosano Salvatorangelo Spanu, un vero amante della sua citt\u00e0, della sua storia e, con una passione unica, delle rane. \"L'Anno della Rana\" \u00e8 dedicato a lui, e la \"Rana del Conte\" appositamente disegnata e dedicata a lui arricchir\u00e0 la sua straordinaria collezione. Il cuore pulsante del festival sar\u00e0, come sempre, la birra artigianale di altissima qualit\u00e0, con la partecipazione di oltre 30 birrifici provenienti dalla Sardegna, dalla penisola e dall\u2019Irlanda. Com<\/p>\n","protected":false},"excerpt":{"rendered":"<p>Cagliari, 16 Apr 2025 &#8211; \u00a0\u00c8 stato presentato stamane presso l\u2019Assessorato Regionale al Turismo il Bosa Beer Fest, uno dei pi\u00f9 importanti festival italiani dedicati&#8230;<\/p>\n","protected":false},"author":2,"featured_media":247211,"comment_status":"closed","ping_status":"open","sticky":false,"template":"","format":"standard","meta":[],"categories":[49,53],"tags":[],"_links":{"self":[{"href":"https:\/\/www.cronacaonline.it\/index.php\/wp-json\/wp\/v2\/posts\/258802"}],"collection":[{"href":"https:\/\/www.cronacaonline.it\/index.php\/wp-json\/wp\/v2\/posts"}],"about":[{"href":"https:\/\/www.cronacaonline.it\/index.php\/wp-json\/wp\/v2\/types\/post"}],"author":[{"embeddable":true,"href":"https:\/\/www.cronacaonline.it\/index.php\/wp-json\/wp\/v2\/users\/2"}],"replies":[{"embeddable":true,"href":"https:\/\/www.cronacaonline.it\/index.php\/wp-json\/wp\/v2\/comments?post=258802"}],"version-history":[{"count":1,"href":"https:\/\/www.cronacaonline.it\/index.php\/wp-json\/wp\/v2\/posts\/258802\/revisions"}],"predecessor-version":[{"id":258803,"href":"https:\/\/www.cronacaonline.it\/index.php\/wp-json\/wp\/v2\/posts\/258802\/revisions\/258803"}],"wp:featuredmedia":[{"embeddable":true,"href":"https:\/\/www.cronacaonline.it\/index.php\/wp-json\/wp\/v2\/media\/247211"}],"wp:attachment":[{"href":"https:\/\/www.cronacaonline.it\/index.php\/wp-json\/wp\/v2\/media?parent=258802"}],"wp:term":[{"taxonomy":"category","embeddable":true,"href":"https:\/\/www.cronacaonline.it\/index.php\/wp-json\/wp\/v2\/categories?post=258802"},{"taxonomy":"post_tag","embeddable":true,"href":"https:\/\/www.cronacaonline.it\/index.php\/wp-json\/wp\/v2\/tags?post=258802"}],"curies":[{"name":"wp","href":"https:\/\/api.w.org\/{rel}","templated":true}]}}