{"id":258786,"date":"2025-04-16T14:25:41","date_gmt":"2025-04-16T12:25:41","guid":{"rendered":"https:\/\/www.cronacaonline.it\/?p=258786"},"modified":"2025-04-16T14:25:43","modified_gmt":"2025-04-16T12:25:43","slug":"258786","status":"publish","type":"post","link":"https:\/\/www.cronacaonline.it\/index.php\/2025\/04\/16\/258786\/","title":{"rendered":"(title)"},"content":{"rendered":"\n<p>Sottoscritto presso la Prefettura di Cagliari il Protocollo d\u2019intesa per l\u2019identificazione dei cadaveri senza nome.<\/p>\n\n\n\n<p>Cagliari, 16 Apr 2025 - Questa mattina, presso il Palazzo del Governo, \u00e8 stato sottoscritto dal Commissario Straordinario del Governo per le persone scomparse, Saverio Ordine, e dal Prefetto di Cagliari Giuseppe Castaldo, il Protocollo d\u2019intesa per l\u2019identificazione dei cadaveri senza nome, volto a rafforzare le procedure specifiche per dare identit\u00e0 ai corpi senza nome.<\/p>\n\n\n\n<p>Il protocollo mira a ottimizzare le procedure di riconoscimento dei cadaveri rinvenuti privi d\u2019identit\u00e0, rendendole pi\u00f9 confacenti al complessivo sistema di gestione del fenomeno delle scomparse.<\/p>\n\n\n\n<p>Altra finalit\u00e0 dell\u2019intesa firmata \u00e8 altres\u00ec migliorare la circolarit\u00e0 delle informazioni su ogni ritrovamento, anche allo scopo di evitare che cadaveri o resti umani non identificati possano essere sepolti senza nome.<\/p>\n\n\n\n<p>Alla firma hanno partecipato inoltre i Prefetti della Sardegna, il Procuratore Generale della Repubblica presso la Corte d\u2019Appello di Cagliari, i Procuratori della Repubblica della Sardegna, l\u2019Assessore regionale alla Sanit\u00e0, il Sindaco del Comune di Cagliari, il Rettore dell\u2019Universit\u00e0 degli Studi di Cagliari, il Presidente di ANCI Sardegna e il Direttore Generale dell\u2019Asl 1 di Sassari. Presenti alla sottoscrizione anche i vertici provinciali delle Forze di Polizia e dei Vigili del Fuoco.<\/p>\n\n\n\n<p>Il Commissario Straordinario ha ringraziato \u201cil Prefetto di Cagliari e tutte le altre Autorit\u00e0 firmatarie del Protocollo per la sensibilit\u00e0 e la sollecitudine con la quale si sono presi cura di un aspetto di notevole rilevanza nell\u2019ambito della gestione di una cos\u00ec grave problematica sociale\u201d. Com<\/p>\n","protected":false},"excerpt":{"rendered":"<p>Sottoscritto presso la Prefettura di Cagliari il Protocollo d\u2019intesa per l\u2019identificazione dei cadaveri senza nome. Cagliari, 16 Apr 2025 &#8211; Questa mattina, presso il Palazzo&#8230;<\/p>\n","protected":false},"author":2,"featured_media":258787,"comment_status":"closed","ping_status":"open","sticky":false,"template":"","format":"standard","meta":[],"categories":[49,53],"tags":[],"_links":{"self":[{"href":"https:\/\/www.cronacaonline.it\/index.php\/wp-json\/wp\/v2\/posts\/258786"}],"collection":[{"href":"https:\/\/www.cronacaonline.it\/index.php\/wp-json\/wp\/v2\/posts"}],"about":[{"href":"https:\/\/www.cronacaonline.it\/index.php\/wp-json\/wp\/v2\/types\/post"}],"author":[{"embeddable":true,"href":"https:\/\/www.cronacaonline.it\/index.php\/wp-json\/wp\/v2\/users\/2"}],"replies":[{"embeddable":true,"href":"https:\/\/www.cronacaonline.it\/index.php\/wp-json\/wp\/v2\/comments?post=258786"}],"version-history":[{"count":1,"href":"https:\/\/www.cronacaonline.it\/index.php\/wp-json\/wp\/v2\/posts\/258786\/revisions"}],"predecessor-version":[{"id":258788,"href":"https:\/\/www.cronacaonline.it\/index.php\/wp-json\/wp\/v2\/posts\/258786\/revisions\/258788"}],"wp:featuredmedia":[{"embeddable":true,"href":"https:\/\/www.cronacaonline.it\/index.php\/wp-json\/wp\/v2\/media\/258787"}],"wp:attachment":[{"href":"https:\/\/www.cronacaonline.it\/index.php\/wp-json\/wp\/v2\/media?parent=258786"}],"wp:term":[{"taxonomy":"category","embeddable":true,"href":"https:\/\/www.cronacaonline.it\/index.php\/wp-json\/wp\/v2\/categories?post=258786"},{"taxonomy":"post_tag","embeddable":true,"href":"https:\/\/www.cronacaonline.it\/index.php\/wp-json\/wp\/v2\/tags?post=258786"}],"curies":[{"name":"wp","href":"https:\/\/api.w.org\/{rel}","templated":true}]}}