{"id":258731,"date":"2025-04-16T07:30:36","date_gmt":"2025-04-16T05:30:36","guid":{"rendered":"https:\/\/www.cronacaonline.it\/?p=258731"},"modified":"2025-04-16T07:30:38","modified_gmt":"2025-04-16T05:30:38","slug":"il-presidente-della-repubblica-italiana-sergio-mattarella-ricoverato-per-limpianto-di-un-pacemaker-fonti-mediche-e-in-buone-condizioni-ieri-prima-entrare-in-ospedale-i","status":"publish","type":"post","link":"https:\/\/www.cronacaonline.it\/index.php\/2025\/04\/16\/il-presidente-della-repubblica-italiana-sergio-mattarella-ricoverato-per-limpianto-di-un-pacemaker-fonti-mediche-e-in-buone-condizioni-ieri-prima-entrare-in-ospedale-i\/","title":{"rendered":"Il presidente della Repubblica Italiana, Sergio Mattarella, ricoverato per l\u2019impianto di un pacemaker. Fonti mediche: \u201c\u00c8 in buone condizioni\u201d. Ieri, prima entrare in ospedale il capo dello Stato, 83 anni, ha lavorato regolarmente ricevendo anche il primo ministro del Montenegro."},"content":{"rendered":"\n<p>Roma, 16 Apr 2025 - Il presidente della Repubblica, Sergio Mattarella, 83 anni, \u00e8 stato ricoverato in serata per l\u2019impianto di un pacemaker\u00a0nel reparto di cardiologia dell\u2019ospedale Santo Spirito di Roma, il cui primario \u00e8 Roberto Ricci.<\/p>\n\n\n\n<p>Lo rendono noto fonti mediche che sottolineano che le sue condizioni sono buone e che l'intervento era programmato. Il capo dello Stato oggi ha lavorato regolarmente ricevendo anche Milojko Spaji\u0107, primo ministro del Montenegro.<\/p>\n\n\n\n<p>Giorgia Meloni, presidente del consiglio, scrive su X: \u201cAl Presidente Mattarella i miei pi\u00f9 sentiti auguri per un pronto e pieno ristabilimento. L'Italia lo attende presto, con la forza e la dedizione di sempre\u201d.<\/p>\n\n\n\n<p>Il pacemaker, come quello che sar\u00e0 impiantato al capo dello Stato, Sergio Mattarella, \u00e8&nbsp;un dispositivo elettrico delle dimensioni di una moneta da due euro collocato sotto la pelle nei pazienti affetti da bradicardia, cio\u00e8 con un ritmo del cuore troppo lento. Nei reparti di cardiologia l\u2019intervento \u00e8 considerato di routine e la ripresa \u00e8 immediata, con pochi giorni di ricovero per stabilizzare il funzionamento dell'impianto.&nbsp;<\/p>\n\n\n\n<p>Pasquale Perrone Filardi, presidente della Societ\u00e0 italiana di cardiologia, spiega che le patologie normalmente collegate a questo tipo di intervento sono legate \u201ca un rallentamento severo dei battiti cardiaci che non dovrebbero scendere sotto i 55 al minuto. Questa brachicardia pu\u00f2 realizzarsi per un invecchiamento del sistema elettrico del cuore o legate a altre patologie come la fibrillazione atriale\u201d.&nbsp;<\/p>\n\n\n\n<p>L'intervento, che nel caso di Mattarella sarebbe stato programmato da tempo, prevede l'inserimento di un pacemaker che interviene quando c'\u00e8 un rallentamento, sostituendosi all'impulso elettrico. Come spiega sempre Filardi, \u201c\u00e8 l'intervento in cardiologia pi\u00f9 frequente nelle persone dopo i 70 anni e la ripresa \u00e8 immediata. Bastano solo pochi giorni di degenza perch\u00e9 il dispositivo si ancori bene ai tessuti cardiaci\u201d. In Italia si effettuano 50mila impianti di pacemaker l'anno e l'et\u00e0 media dei pazienti \u00e8 di 81 anni.<\/p>\n","protected":false},"excerpt":{"rendered":"<p>Roma, 16 Apr 2025 &#8211; Il presidente della Repubblica, Sergio Mattarella, 83 anni, \u00e8 stato ricoverato in serata per l\u2019impianto di un pacemaker\u00a0nel reparto di&#8230;<\/p>\n","protected":false},"author":2,"featured_media":258732,"comment_status":"closed","ping_status":"open","sticky":false,"template":"","format":"standard","meta":[],"categories":[49,50],"tags":[],"_links":{"self":[{"href":"https:\/\/www.cronacaonline.it\/index.php\/wp-json\/wp\/v2\/posts\/258731"}],"collection":[{"href":"https:\/\/www.cronacaonline.it\/index.php\/wp-json\/wp\/v2\/posts"}],"about":[{"href":"https:\/\/www.cronacaonline.it\/index.php\/wp-json\/wp\/v2\/types\/post"}],"author":[{"embeddable":true,"href":"https:\/\/www.cronacaonline.it\/index.php\/wp-json\/wp\/v2\/users\/2"}],"replies":[{"embeddable":true,"href":"https:\/\/www.cronacaonline.it\/index.php\/wp-json\/wp\/v2\/comments?post=258731"}],"version-history":[{"count":1,"href":"https:\/\/www.cronacaonline.it\/index.php\/wp-json\/wp\/v2\/posts\/258731\/revisions"}],"predecessor-version":[{"id":258733,"href":"https:\/\/www.cronacaonline.it\/index.php\/wp-json\/wp\/v2\/posts\/258731\/revisions\/258733"}],"wp:featuredmedia":[{"embeddable":true,"href":"https:\/\/www.cronacaonline.it\/index.php\/wp-json\/wp\/v2\/media\/258732"}],"wp:attachment":[{"href":"https:\/\/www.cronacaonline.it\/index.php\/wp-json\/wp\/v2\/media?parent=258731"}],"wp:term":[{"taxonomy":"category","embeddable":true,"href":"https:\/\/www.cronacaonline.it\/index.php\/wp-json\/wp\/v2\/categories?post=258731"},{"taxonomy":"post_tag","embeddable":true,"href":"https:\/\/www.cronacaonline.it\/index.php\/wp-json\/wp\/v2\/tags?post=258731"}],"curies":[{"name":"wp","href":"https:\/\/api.w.org\/{rel}","templated":true}]}}