{"id":258695,"date":"2025-04-15T12:46:55","date_gmt":"2025-04-15T10:46:55","guid":{"rendered":"https:\/\/www.cronacaonline.it\/?p=258695"},"modified":"2025-04-15T12:46:57","modified_gmt":"2025-04-15T10:46:57","slug":"incontro-informativo-a-furtei-per-la-prevenzione-del-carcinoma-mammario-una-sinergia-tra-carabinieri-comune-e-associazioni-per-la-salute-delle-cittadine","status":"publish","type":"post","link":"https:\/\/www.cronacaonline.it\/index.php\/2025\/04\/15\/incontro-informativo-a-furtei-per-la-prevenzione-del-carcinoma-mammario-una-sinergia-tra-carabinieri-comune-e-associazioni-per-la-salute-delle-cittadine\/","title":{"rendered":"Incontro informativo a Furtei per la prevenzione del carcinoma mammario. Una sinergia tra Carabinieri, Comune e associazioni per la salute delle cittadine."},"content":{"rendered":"\n<p>Furtei (Su), 15 Apr 2025 \u2013 In collaborazione con il Comune di Segariu e l\u2019associazione \u201cLe Belle Donne\u201d APS di Oristano, i Carabinieri della Stazione di Furtei hanno organizzato un incontro informativo dedicato alla prevenzione del carcinoma mammario, che si \u00e8 tenuto presso il Centro di Aggregazione Sociale di Segariu. L\u2019evento, rivolto a tutti i cittadini, ha riscosso notevole partecipazione, sottolineando l\u2019interesse e la sensibilit\u00e0 della comunit\u00e0 nei confronti dei temi legati alla salute e al benessere collettivo.<\/p>\n\n\n\n<p>Grazie alla presenza di medici esperti dell\u2019associazione \u201cLe Belle Donne\u201d, nel corso dell\u2019incontro sono state effettuate visite gratuite a 37 donne, fornendo loro informazioni preziose e supporto per la prevenzione del carcinoma mammario. L\u2019iniziativa ha costituito un\u2019importante opportunit\u00e0 per sensibilizzare la popolazione sull\u2019estrema rilevanza della diagnosi precoce e sull\u2019adozione di stili di vita sani. Ulteriore valore aggiunto \u00e8 stato offerto dallo psicologo dell\u2019associazione, che ha messo a disposizione il proprio supporto per affrontare percorsi terapeutici ed evidenziare l\u2019importanza di un approccio integrato alla malattia.<\/p>\n\n\n\n<p>All\u2019evento hanno presenziato il Comandante della Compagnia Carabinieri di Sanluri, Maggiore Nadia Gioviale, e il Comandante della Stazione Carabinieri di Furtei, Maresciallo Ordinario Leonardo Santamaria. Accanto a loro, il Sindaco di Segariu, Dott. Andrea Fenu, e i rappresentanti dell\u2019amministrazione comunale hanno espresso la propria gratitudine a tutti coloro che hanno partecipato, sottolineando il ruolo cruciale della sinergia tra istituzioni e associazioni per la promozione del benessere dei cittadini. Un riconoscimento particolare \u00e8 stato rivolto all\u2019associazione \u201cLe Belle Donne\u201d \u2013 in particolare alla presidente, Sig.ra Maria Cadeddu \u2013 per il contributo determinante fornito nella riuscita dell\u2019iniziativa.<\/p>\n\n\n\n<p>Nel corso del suo intervento, il Sindaco ha manifestato soddisfazione per il successo ottenuto e ha confermato la volont\u00e0 di collaborare ulteriormente in futuro, al fine di organizzare nuovi incontri volti a informare e sensibilizzare la popolazione su tematiche cruciali per la salute collettiva.<\/p>\n\n\n\n<p>Questa iniziativa testimonia l\u2019impegno dell\u2019Arma dei Carabinieri a consolidare il rapporto di fiducia e prossimit\u00e0 con la cittadinanza, nonch\u00e9 a instaurare un dialogo sempre pi\u00f9 diretto ed efficace con gli Enti Locali, promuovendo azioni concrete a favore della comunit\u00e0.<\/p>\n","protected":false},"excerpt":{"rendered":"<p>Furtei (Su), 15 Apr 2025 \u2013 In collaborazione con il Comune di Segariu e l\u2019associazione \u201cLe Belle Donne\u201d APS di Oristano, i Carabinieri della Stazione&#8230;<\/p>\n","protected":false},"author":2,"featured_media":258696,"comment_status":"closed","ping_status":"open","sticky":false,"template":"","format":"standard","meta":[],"categories":[49,53],"tags":[],"_links":{"self":[{"href":"https:\/\/www.cronacaonline.it\/index.php\/wp-json\/wp\/v2\/posts\/258695"}],"collection":[{"href":"https:\/\/www.cronacaonline.it\/index.php\/wp-json\/wp\/v2\/posts"}],"about":[{"href":"https:\/\/www.cronacaonline.it\/index.php\/wp-json\/wp\/v2\/types\/post"}],"author":[{"embeddable":true,"href":"https:\/\/www.cronacaonline.it\/index.php\/wp-json\/wp\/v2\/users\/2"}],"replies":[{"embeddable":true,"href":"https:\/\/www.cronacaonline.it\/index.php\/wp-json\/wp\/v2\/comments?post=258695"}],"version-history":[{"count":1,"href":"https:\/\/www.cronacaonline.it\/index.php\/wp-json\/wp\/v2\/posts\/258695\/revisions"}],"predecessor-version":[{"id":258697,"href":"https:\/\/www.cronacaonline.it\/index.php\/wp-json\/wp\/v2\/posts\/258695\/revisions\/258697"}],"wp:featuredmedia":[{"embeddable":true,"href":"https:\/\/www.cronacaonline.it\/index.php\/wp-json\/wp\/v2\/media\/258696"}],"wp:attachment":[{"href":"https:\/\/www.cronacaonline.it\/index.php\/wp-json\/wp\/v2\/media?parent=258695"}],"wp:term":[{"taxonomy":"category","embeddable":true,"href":"https:\/\/www.cronacaonline.it\/index.php\/wp-json\/wp\/v2\/categories?post=258695"},{"taxonomy":"post_tag","embeddable":true,"href":"https:\/\/www.cronacaonline.it\/index.php\/wp-json\/wp\/v2\/tags?post=258695"}],"curies":[{"name":"wp","href":"https:\/\/api.w.org\/{rel}","templated":true}]}}