{"id":258531,"date":"2025-04-11T08:27:59","date_gmt":"2025-04-11T06:27:59","guid":{"rendered":"https:\/\/www.cronacaonline.it\/?p=258531"},"modified":"2025-04-11T08:28:02","modified_gmt":"2025-04-11T06:28:02","slug":"trump-stop-ai-dazi-per-90-giorni-ma-contro-la-cina-che-il-presidente-americano-dimentica-che-ha-circa-un-miliardo-e-mezzo-di-persone-quindi-di-consumatori-si-arriva-al-145","status":"publish","type":"post","link":"https:\/\/www.cronacaonline.it\/index.php\/2025\/04\/11\/trump-stop-ai-dazi-per-90-giorni-ma-contro-la-cina-che-il-presidente-americano-dimentica-che-ha-circa-un-miliardo-e-mezzo-di-persone-quindi-di-consumatori-si-arriva-al-145\/","title":{"rendered":"Trump, stop ai dazi per 90 giorni, ma contro la Cina che il presidente americano dimentica che ha circa un miliardo e mezzo di persone, quindi di consumatori, si arriva al 145%."},"content":{"rendered":"\n<p>Cagliari, 11 Apr 2025 - Le tariffe statunitensi \"danneggiano seriamente il sistema commerciale multilaterale basato sulle regole e hanno un grave impatto sulla stabilit\u00e0 dell'ordine economico globale\", ha dichiarato il portavoce del ministero degli Esteri\u00a0Lin Jian. Aggiungendo: \"Questo \u00e8 un atto palese che va contro la volont\u00e0 del mondo e va contro il mondo intero\".<\/p>\n\n\n\n<p>\"La causa degli Stati Uniti non ottiene il sostegno del popolo e finir\u00e0 con un fallimento\", ha anche dichiarato Jian, aggiungendo che la Cina non rester\u00e0 a guardare e non lascer\u00e0 che \"i legittimi diritti e interessi del popolo cinese vengano violati\".<\/p>\n\n\n\n<p>La Cina \"ha adottato e continuer\u00e0 ad adottare contromisure risolute per salvaguardare la sua sovranit\u00e0, la sicurezza e il suo sviluppo\", ha detto il ministero del commercio di Pechino.<\/p>\n\n\n\n<p>Il pazzo Trump ancora con minacce e ricatti. Questa volta nuovamente preso di mira il vicino Messico, dove governa una bravissima presidente e per niente intimorita dal sei volte bancarottiere americano.<\/p>\n\n\n\n<p>Infatti, ieri, il presidente degli Stati Uniti, ha minacciato il Messico di \"conseguenze sempre pi\u00f9 gravi\" sul commercio, a meno che non fornisca pi\u00f9 acqua al Texas in base a un controverso trattato vecchio di decenni.<\/p>\n\n\n\n<p>\"Il Messico ha rubato l'acqua agli agricoltori del Texas\" e \"l'anno scorso l'unico zuccherificio del Texas ha chiuso\" per mancanza d'acqua, ha scritto Trump sulla sua piattaforma social Truth.<\/p>\n\n\n\n<p>Il presidente Usa ha affermato che il Messico sta violando un patto del 1944 che stabilisce la ripartizione delle acque dei fiumi Tijuana, Colorado e Bravo da Fort Quitman, in Texas, al Golfo del Messico, che gli Stati Uniti hanno ribattezzato Golfo d'America.&nbsp;<\/p>\n\n\n\n<p>\"Questo finisce adesso! Far\u00f2 in modo che il Messico non violi i nostri trattati e non danneggi i nostri agricoltori texani\", ha detto Trump sul suo social, Truth Social.<\/p>\n\n\n\n<p>\"Aumenteremo le tariffe e forse anche le sanzioni, finch\u00e9 il Messico non onorer\u00e0 il trattato\", ha scritto Trump.&nbsp;<\/p>\n\n\n\n<p>Non si \u00e8 fatta attendere la risposta della presidente del Messico,&nbsp;Claudia Sheinbaum, la quale ha assicurato che il Messico ha rispettato la \"disponibilit\u00e0\" nonostante la siccit\u00e0. \"Sono stati tre anni di siccit\u00e0 e, nella misura in cui l'acqua \u00e8 disponibile, il Messico si \u00e8 adeguato\", ha osservato Sheinbaum.<\/p>\n\n\n\n<p>Donald Trump ha detto che sui dazi tratter\u00e0 con l'Unione europea \"come un unico blocco\" e non per singolo Paese. \"Ci hanno trattato molto male ma sono stati intelligenti\", ha aggiunto il presidente riferendosi al ritiro delle tariffe di ritorsione da parte di Bruxelles.<\/p>\n\n\n\n<p>\u201cLa situazione evolve di giorno in giorno, quindi preferiamo affrontarla passo a passo. Non voglio fare ipotesi su cosa potrebbe o non potrebbe accadere tra 90 giorni: al momento, sono molto pi\u00f9 preoccupato di cosa potrebbe succedere tra 90 minuti...\u201d ha detto - non senza un filo di ironia - il portavoce della Commissione europea per il Commercio,&nbsp;Olof Gill, rispondendo a una domanda sui possibili sviluppi legati ai dazi allo scadere della pausa di 90 giorni delle contromisure Ue appena decisa in risposta alle mosse di Trump.<\/p>\n\n\n\n<p>\"Accogliamo con favore la decisione dell'amministrazione statunitense di rinviare l'attuazione dei dazi. Ora dobbiamo usare questi 90 giorni con saggezza. Abbiamo bisogno di un buon accordo per i cittadini europei, per le aziende europee, e sosteniamo pienamente la Commissione europea nel suo sforzo di negoziare un accordo giusto e giusto\".&nbsp;<\/p>\n\n\n\n<p>Lo ha detto&nbsp;Andrzej Domanski, ministro delle finanze polacco, alla presidenza di turno dell'Ue, all'inizio dell'Ecofin informale a Varsavia.<\/p>\n\n\n\n<p>\"Negli ultimi giorni abbiamo assistito a un'altissima volatilit\u00e0 sui mercati. Credo non si vedesse da quando \u00e8 scoppiata la pandemia di Covid. Mercati azionari in calo, e contemporaneamente un crollo del petrolio greggio crollare. I rendimenti delle obbligazioni e dei titoli del Tesoro statunitensi sono in aumento. Crescono i timori per le prospettive dell'economia globale\".<\/p>\n\n\n\n<p>\"La sospensione parziale dei dazi statunitensi per 90 giorni \u00e8 un segnale e una porta aperta al negoziato. Ma questa pausa resta fragile\", lo scrive il presidente francese&nbsp;Emmanuel Macron&nbsp;su X.&nbsp;<\/p>\n\n\n\n<p>\"Con la Commissione e nell'unit\u00e0 europea, il nostro obiettivo resta semplice:&nbsp;negoziare&nbsp;per eliminare queste tariffe ingiuste e ottenere un accordo equilibrato, senza asimmetrie. Insieme alla Commissione Ue dobbiamo essere forti: l'Europa deve continuare a lavorare su tutte le contromisure necessarie e mobilitare tutte le leve disponibili per proteggersi, anche per evitare che i flussi provenienti dai Paesi terzi perturbino il nostro mercato\".<\/p>\n\n\n\n<p>I leader dell'Unione europea stanno pianificando una visita in Cina a fine luglio per un summit con il presidente Xi Jinping, a conferma della volont\u00e0 di Bruxelles di migliorare i rapporti a fronte delle rinnovate minacce tariffarie statunitensi sotto l'amministrazione di Donald Trump.<\/p>\n\n\n\n<p>La Cina e l'Unione europea hanno concordato di negoziare sui dazi per i veicoli elettrici cinesi. Lo ha detto oggi il ministero del Commercio cinese, dando un resoconto di una videochiamata dell'altro ieri tra il ministro del Commercio cinese Wang Wentao e il commissario europeo per il commercio e la sicurezza economica Maros Sefcovic.<\/p>\n\n\n\n<p>Citando cinque fonti, il&nbsp;South China Morning Post, ha riferito che, pur in assenza di date, l'incontro \u00e8 destinato a violare il protocollo abituale delle relazioni bilaterali, in quanto segue l'ultimo vertice che si \u00e8 tenuto in Cina, a dimostrazione dell'urgenza dell'Ue di discutere di commercio. La presidente della Commissione Ue Ursula von der Leyen e il presidente del Consiglio Ue Antonio Costa hanno accettato di partecipare al summit di Pechino, ha precisato la testata di Hong Kong.<\/p>\n\n\n\n<p>Il dollaro \u00e8 in caduta libera sulle principale valute, attestandosi ai minimi dal 2024. Sulla valuta americana pesano le decisioni della Casa Bianca sui dazi e l'incertezza sull'andamento della crescita economica.<\/p>\n\n\n\n<p>L'euro&nbsp;sale a 1,1282 sul biglietto verde, in aumento dello 0,8% e portandosi ai massimi da inizio 2022, dopo aver toccato anche 1,1376 nella notte. Sul dollaro si rafforzano anche la&nbsp;sterlina&nbsp;a 1,3015, in aumento dello 0,3%, e il&nbsp;franco svizzero&nbsp;a 1,2202, in crescita dello 0,6% ai massimi storici.<\/p>\n","protected":false},"excerpt":{"rendered":"<p>Cagliari, 11 Apr 2025 &#8211; Le tariffe statunitensi &#8220;danneggiano seriamente il sistema commerciale multilaterale basato sulle regole e hanno un grave impatto sulla stabilit\u00e0 dell&#8217;ordine&#8230;<\/p>\n","protected":false},"author":2,"featured_media":258532,"comment_status":"closed","ping_status":"open","sticky":false,"template":"","format":"standard","meta":[],"categories":[49,50],"tags":[],"_links":{"self":[{"href":"https:\/\/www.cronacaonline.it\/index.php\/wp-json\/wp\/v2\/posts\/258531"}],"collection":[{"href":"https:\/\/www.cronacaonline.it\/index.php\/wp-json\/wp\/v2\/posts"}],"about":[{"href":"https:\/\/www.cronacaonline.it\/index.php\/wp-json\/wp\/v2\/types\/post"}],"author":[{"embeddable":true,"href":"https:\/\/www.cronacaonline.it\/index.php\/wp-json\/wp\/v2\/users\/2"}],"replies":[{"embeddable":true,"href":"https:\/\/www.cronacaonline.it\/index.php\/wp-json\/wp\/v2\/comments?post=258531"}],"version-history":[{"count":1,"href":"https:\/\/www.cronacaonline.it\/index.php\/wp-json\/wp\/v2\/posts\/258531\/revisions"}],"predecessor-version":[{"id":258533,"href":"https:\/\/www.cronacaonline.it\/index.php\/wp-json\/wp\/v2\/posts\/258531\/revisions\/258533"}],"wp:featuredmedia":[{"embeddable":true,"href":"https:\/\/www.cronacaonline.it\/index.php\/wp-json\/wp\/v2\/media\/258532"}],"wp:attachment":[{"href":"https:\/\/www.cronacaonline.it\/index.php\/wp-json\/wp\/v2\/media?parent=258531"}],"wp:term":[{"taxonomy":"category","embeddable":true,"href":"https:\/\/www.cronacaonline.it\/index.php\/wp-json\/wp\/v2\/categories?post=258531"},{"taxonomy":"post_tag","embeddable":true,"href":"https:\/\/www.cronacaonline.it\/index.php\/wp-json\/wp\/v2\/tags?post=258531"}],"curies":[{"name":"wp","href":"https:\/\/api.w.org\/{rel}","templated":true}]}}