{"id":258399,"date":"2025-04-08T14:44:39","date_gmt":"2025-04-08T12:44:39","guid":{"rendered":"https:\/\/www.cronacaonline.it\/?p=258399"},"modified":"2025-04-08T14:44:42","modified_gmt":"2025-04-08T12:44:42","slug":"173mo-anniversario-fondazione-della-polizia-di-stato-a-cagliari","status":"publish","type":"post","link":"https:\/\/www.cronacaonline.it\/index.php\/2025\/04\/08\/173mo-anniversario-fondazione-della-polizia-di-stato-a-cagliari\/","title":{"rendered":"173mo Anniversario Fondazione della Polizia di Stato a Cagliari."},"content":{"rendered":"\n<p>Cagliari, 8 Apr 2025 \u2013 Il personale della Polizia di Stato celebrer\u00e0,\u00a0gioved\u00ec prossimo, 10 aprile 2025, il 173mo Anniversario della sua Fondazione che, anche quest\u2019anno, avr\u00e0 il tema \u201c#Essercisempre\u201d.<\/p>\n\n\n\n<p>Le celebrazioni avranno inizio alle ore&nbsp;09.30&nbsp;con la deposizione di una corona d\u2019alloro da parte del Questore Rosanna Lavezzaro, alla lapide commemorativa posta all\u2019ingresso della Questura di Cagliari, in memoria di tutti i caduti della Polizia di Stato.<\/p>\n\n\n\n<p>Successivamente, alle ore&nbsp;11.30, presso i Giardini Pubblici nel largo Giuseppe Dess\u00ec a Cagliari, alla presenza delle autorit\u00e0 civili, militari e religiose locali si svolger\u00e0 la cerimonia celebrativa della ricorrenza.<\/p>\n\n\n\n<p>Nel corso della stessa saranno consegnate le ricompense ai dipendenti della Polizia di Stato che si sono evidenziati per particolari meriti durante lo svolgimento del servizio. Com<\/p>\n","protected":false},"excerpt":{"rendered":"<p>Cagliari, 8 Apr 2025 \u2013 Il personale della Polizia di Stato celebrer\u00e0,\u00a0gioved\u00ec prossimo, 10 aprile 2025, il 173mo Anniversario della sua Fondazione che, anche quest\u2019anno,&#8230;<\/p>\n","protected":false},"author":2,"featured_media":258327,"comment_status":"closed","ping_status":"open","sticky":false,"template":"","format":"standard","meta":[],"categories":[49,53],"tags":[],"_links":{"self":[{"href":"https:\/\/www.cronacaonline.it\/index.php\/wp-json\/wp\/v2\/posts\/258399"}],"collection":[{"href":"https:\/\/www.cronacaonline.it\/index.php\/wp-json\/wp\/v2\/posts"}],"about":[{"href":"https:\/\/www.cronacaonline.it\/index.php\/wp-json\/wp\/v2\/types\/post"}],"author":[{"embeddable":true,"href":"https:\/\/www.cronacaonline.it\/index.php\/wp-json\/wp\/v2\/users\/2"}],"replies":[{"embeddable":true,"href":"https:\/\/www.cronacaonline.it\/index.php\/wp-json\/wp\/v2\/comments?post=258399"}],"version-history":[{"count":1,"href":"https:\/\/www.cronacaonline.it\/index.php\/wp-json\/wp\/v2\/posts\/258399\/revisions"}],"predecessor-version":[{"id":258400,"href":"https:\/\/www.cronacaonline.it\/index.php\/wp-json\/wp\/v2\/posts\/258399\/revisions\/258400"}],"wp:featuredmedia":[{"embeddable":true,"href":"https:\/\/www.cronacaonline.it\/index.php\/wp-json\/wp\/v2\/media\/258327"}],"wp:attachment":[{"href":"https:\/\/www.cronacaonline.it\/index.php\/wp-json\/wp\/v2\/media?parent=258399"}],"wp:term":[{"taxonomy":"category","embeddable":true,"href":"https:\/\/www.cronacaonline.it\/index.php\/wp-json\/wp\/v2\/categories?post=258399"},{"taxonomy":"post_tag","embeddable":true,"href":"https:\/\/www.cronacaonline.it\/index.php\/wp-json\/wp\/v2\/tags?post=258399"}],"curies":[{"name":"wp","href":"https:\/\/api.w.org\/{rel}","templated":true}]}}