{"id":258357,"date":"2025-04-07T12:40:02","date_gmt":"2025-04-07T10:40:02","guid":{"rendered":"https:\/\/www.cronacaonline.it\/?p=258357"},"modified":"2025-04-07T12:40:05","modified_gmt":"2025-04-07T10:40:05","slug":"prevenzione-e-arte-un-contest-fotografico-per-promuovere-ligiene-delle-mani","status":"publish","type":"post","link":"https:\/\/www.cronacaonline.it\/index.php\/2025\/04\/07\/prevenzione-e-arte-un-contest-fotografico-per-promuovere-ligiene-delle-mani\/","title":{"rendered":"Prevenzione e arte, un contest fotografico per promuovere l&#8217;igiene delle mani."},"content":{"rendered":"\n<p>Sassari 7 Apr 2025 - Un\u00a0contest fotografico\u00a0che punta a valorizzare un gesto semplice ma di grande valenza: l'igiene delle mani. E' il nuovo progetto del\u00a0Gruppo di Lavoro Igiene delle mani\u00a0del\u00a0Comitato infezioni correlate all\u2019assistenza\u00a0(CICA) dell'Azienda ospedaliero universitaria di Sassari che si svolger\u00e0\u00a0dal 17 al 30 aprile\u00a0e che coinvolger\u00e0\u00a0tutti gli operatori dell'azienda di viale San Pietro.<br>Un\u2019iniziativa che unisce\u00a0arte e prevenzione\u00a0e che invita, attraverso l\u2019obiettivo della macchina fotografica (andr\u00e0 bene anche uno smartphone), a raccontare l\u2019importanza della prevenzione\u00a0delle infezioni ospedaliere, e sar\u00e0 anche un\u2019occasione per mettere in luce la creativit\u00e0 e l\u2019impegno quotidiano degli operatori sanitari.<br>Il progetto si inserisce all'interno delle iniziative realizzate dal\u00a0Cica\u00a0e che culmineranno il\u00a05 maggio, in occasione della\u00a0Giornata mondiale dell\u2019Igiene delle mani.<br>\"Vogliamo promuovere una cultura della sicurezza e della prevenzione \u2013 afferma il\u00a0professor Paolo Castiglia, direttore della Direzione medica di presidio, igiene, epidemiologia e infezioni ospedaliere \u2013 che coinvolga attivamente tutti gli attori del sistema sanitario. Ogni scatto diventa, cos\u00ec, un messaggio di cura, un simbolo di un impegno condiviso che si rinnova ogni giorno, trasformando un gesto semplice in un atto di protezione e attenzione verso il benessere di tutti\".<br>Il progetto nasce dalla consapevolezza che una\u00a0corretta igiene delle mani\u00a0\u00e8 la prima linea di difesa contro le infezioni acquisite in ambito sanitario. L\u2019obiettivo primario\u00a0\u00e8 sensibilizzare operatori, pazienti e visitatori sull\u2019importanza di adottare comportamenti responsabili, contribuendo alla sicurezza\u00a0delle cure. Il contest si inserisce in un pi\u00f9 ampio programma di attivit\u00e0 dell\u2019Aou di Sassari, volto a rafforzare la cultura della prevenzione e a creare un ambiente in cui ogni gesto, anche il pi\u00f9\u00a0semplice, diventi simbolo di cura e responsabilit\u00e0.\u00a0<\/p>\n\n\n\n<p>\"Il gesto dell\u2019igiene delle mani, soprattutto in ambito assistenziale, assume un significato profondo \u2013 afferma la dottoressa&nbsp;Maria Grazia Deriu, coordinatrice del Gruppo di Lavoro Igiene mani del CICA - \u00e8 la dimostrazione tangibile dell\u2019impegno condiviso per la protezione della salute dei pazienti e la qualit\u00e0 dell\u2019assistenza. Una sfida che \u00e8, allo stesso tempo, un invito a valorizzare il lavoro di squadra e a riconoscere l\u2019importanza di ogni piccolo contributo al benessere collettivo\".<br>Il concorso si rivolge&nbsp;a tutte le unit\u00e0 operative dell'Aou, promuovendo la partecipazione collettiva per reparto.&nbsp;La sfida consiste&nbsp;nello scattare una fotografia originale che rappresenti in maniera creativa il gesto dell\u2019igiene delle mani. Gli scatti dovranno essere caratterizzati da un messaggio chiaro e simbolico, evidenziando non solo la pratica stessa, ma anche i valori di protezione e sicurezza che essa comporta. \u00c8 possibile includere elementi legati al territorio sardo, come riferimenti alla natura, tradizioni o simboli locali, arricchendo cos\u00ec il racconto visivo e dando spazio a un\u2019interpretazione personale e culturale del tema.<br>Il&nbsp;regolamento del contest, che sar\u00e0 scaricabile dal sito istituzionale, prevede alcune regole fondamentali per garantire la trasparenza e il rispetto delle normative. La partecipazione \u00e8 riservata ai reparti ospedalieri e ai servizi ambulatoriali dell\u2019Aou di Sassari e deve essere realizzata in team. Ogni reparto potr\u00e0 inviare un massimo di tre fotografie.<br>Le foto, che dovranno essere originali e incentrate sul gesto dell\u2019igiene delle mani, saranno pubblicate sul profilo Instagram ufficiale dell\u2019Azienda ospedaliero universitaria (@aousassari) nella sezione \u201cStorie in evidenza\u201d a partire dal 22 aprile 2025. La votazione, basata sul numero di \u201cMi piace\u201d che ogni immagine raccoglier\u00e0,&nbsp;si concluder\u00e0 il 30 aprile&nbsp;2025 alle ore 23:59.<\/p>\n\n\n\n<p>Il reparto il cui scatto otterr\u00e0 il maggior numero di like sar\u00e0 premiato simbolicamente con orologi da camice personalizzati per ogni membro del team. Inoltre, la foto vincitrice verr\u00e0 stampata e consegnata al reparto durante l\u2019evento ufficiale del&nbsp;5 maggio 2025. Com<\/p>\n","protected":false},"excerpt":{"rendered":"<p>Sassari 7 Apr 2025 &#8211; Un\u00a0contest fotografico\u00a0che punta a valorizzare un gesto semplice ma di grande valenza: l&#8217;igiene delle mani. E&#8217; il nuovo progetto del\u00a0Gruppo&#8230;<\/p>\n","protected":false},"author":2,"featured_media":258358,"comment_status":"closed","ping_status":"open","sticky":false,"template":"","format":"standard","meta":[],"categories":[49,53],"tags":[],"_links":{"self":[{"href":"https:\/\/www.cronacaonline.it\/index.php\/wp-json\/wp\/v2\/posts\/258357"}],"collection":[{"href":"https:\/\/www.cronacaonline.it\/index.php\/wp-json\/wp\/v2\/posts"}],"about":[{"href":"https:\/\/www.cronacaonline.it\/index.php\/wp-json\/wp\/v2\/types\/post"}],"author":[{"embeddable":true,"href":"https:\/\/www.cronacaonline.it\/index.php\/wp-json\/wp\/v2\/users\/2"}],"replies":[{"embeddable":true,"href":"https:\/\/www.cronacaonline.it\/index.php\/wp-json\/wp\/v2\/comments?post=258357"}],"version-history":[{"count":1,"href":"https:\/\/www.cronacaonline.it\/index.php\/wp-json\/wp\/v2\/posts\/258357\/revisions"}],"predecessor-version":[{"id":258359,"href":"https:\/\/www.cronacaonline.it\/index.php\/wp-json\/wp\/v2\/posts\/258357\/revisions\/258359"}],"wp:featuredmedia":[{"embeddable":true,"href":"https:\/\/www.cronacaonline.it\/index.php\/wp-json\/wp\/v2\/media\/258358"}],"wp:attachment":[{"href":"https:\/\/www.cronacaonline.it\/index.php\/wp-json\/wp\/v2\/media?parent=258357"}],"wp:term":[{"taxonomy":"category","embeddable":true,"href":"https:\/\/www.cronacaonline.it\/index.php\/wp-json\/wp\/v2\/categories?post=258357"},{"taxonomy":"post_tag","embeddable":true,"href":"https:\/\/www.cronacaonline.it\/index.php\/wp-json\/wp\/v2\/tags?post=258357"}],"curies":[{"name":"wp","href":"https:\/\/api.w.org\/{rel}","templated":true}]}}