{"id":258330,"date":"2025-04-07T10:27:31","date_gmt":"2025-04-07T08:27:31","guid":{"rendered":"https:\/\/www.cronacaonline.it\/?p=258330"},"modified":"2025-04-07T10:27:34","modified_gmt":"2025-04-07T08:27:34","slug":"369ma-festa-di-santefisio-a-cagliari-in-vendita-i-biglietti-per-le-tribune","status":"publish","type":"post","link":"https:\/\/www.cronacaonline.it\/index.php\/2025\/04\/07\/369ma-festa-di-santefisio-a-cagliari-in-vendita-i-biglietti-per-le-tribune\/","title":{"rendered":"369ma Festa di Sant&#8217;Efisio a Cagliari: in vendita i biglietti per le tribune."},"content":{"rendered":"\n<p>Cagliari, 7 Apr 2025 \u2013 Da domani, 8 Aprile, saranno messi in vendita dal Comune di Cagliari, i biglietti per l'accesso alle tribune che saranno allestite per la processione del primo maggio per la 369ma Festa di Sant'Efisio.<\/p>\n\n\n\n<p>Sino al completo esaurimento dei posti disponibili, i biglietti potranno essere acquistati online o presso la sede del Box Office in viale Regina Margherita 43 aperto al pubblico nei seguenti orari: luned\u00ec -mercoled\u00ec - venerd\u00ec dalle 10 alle 13; marted\u00ec \u2013 gioved\u00ec orario continuato dalle 10 alle 18.<\/p>\n\n\n\n<p>Di seguito la dislocazione delle tribune e i relativi prezzi dei biglietti:<\/p>\n\n\n\n<p>Tribuna n. 1: tribuna coperta sita in via Roma lato Palazzo Vivanet con vista Piazza Matteotti, per n. 381 posti a sedere: \u20ac 40;<\/p>\n\n\n\n<p>Tribuna n. 2: tribuna scoperta sita in piazza Matteotti, con vista verso la stazione ferroviaria, per n. 550 posti a sedere: \u20ac 30;<\/p>\n\n\n\n<p>Tribuna n. 3: tribuna coperta sita in via Roma, lato piazza Matteotti, con vista su Palazzo Vivanet, per n. 252 posti a sedere: \u20ac 45;<\/p>\n\n\n\n<p>Tribuna n. 4: tribuna coperta sita in via Roma, lato piazza Matteotti, fronte Palazzo Civico, per n. 313 posti a sedere: \u20ac 45;<\/p>\n\n\n\n<p>Tribuna n. 5: pedana su unico livello coperta sita in via Roma, lato palazzo Civico con vista piazza Matteotti, per n. 50 posti, dei quali 25 per soggetti con disabilit\u00e0 motorie su sedia a rotelle e 25 per accompagnatori: accesso gratuito per entrambi i soggetti interessati;<\/p>\n\n\n\n<p>Tribuna n. 6: tribuna scoperta dislocata in piazza del Carmine, con vista su viale Trieste, per n. 381 posti a sedere: \u20ac 30.<\/p>\n\n\n\n<p>Per informazioni sulle modalit\u00e0 d\u2019acquisto, gli interessati potranno rivolgersi direttamente al Box Office in viale Regina Margherita 43 (Telefono 070-657428, sito internet<a href=\"http:\/\/www.boxofficesardegna.it\/\" target=\"_blank\" rel=\"noreferrer noopener\">&nbsp;www.boxofficesardegna.it&nbsp;<\/a>o, via email, all'indirizzo di posta elettronica&nbsp;<a href=\"javascript:window.mailto(%7bmailto:'info%40boxofficesardegna.it',%20subject:%20''%7d)\">info@boxofficesardegna.it<\/a>).<\/p>\n","protected":false},"excerpt":{"rendered":"<p>Cagliari, 7 Apr 2025 \u2013 Da domani, 8 Aprile, saranno messi in vendita dal Comune di Cagliari, i biglietti per l&#8217;accesso alle tribune che saranno&#8230;<\/p>\n","protected":false},"author":2,"featured_media":124359,"comment_status":"closed","ping_status":"open","sticky":false,"template":"","format":"standard","meta":[],"categories":[49,53],"tags":[],"_links":{"self":[{"href":"https:\/\/www.cronacaonline.it\/index.php\/wp-json\/wp\/v2\/posts\/258330"}],"collection":[{"href":"https:\/\/www.cronacaonline.it\/index.php\/wp-json\/wp\/v2\/posts"}],"about":[{"href":"https:\/\/www.cronacaonline.it\/index.php\/wp-json\/wp\/v2\/types\/post"}],"author":[{"embeddable":true,"href":"https:\/\/www.cronacaonline.it\/index.php\/wp-json\/wp\/v2\/users\/2"}],"replies":[{"embeddable":true,"href":"https:\/\/www.cronacaonline.it\/index.php\/wp-json\/wp\/v2\/comments?post=258330"}],"version-history":[{"count":1,"href":"https:\/\/www.cronacaonline.it\/index.php\/wp-json\/wp\/v2\/posts\/258330\/revisions"}],"predecessor-version":[{"id":258331,"href":"https:\/\/www.cronacaonline.it\/index.php\/wp-json\/wp\/v2\/posts\/258330\/revisions\/258331"}],"wp:featuredmedia":[{"embeddable":true,"href":"https:\/\/www.cronacaonline.it\/index.php\/wp-json\/wp\/v2\/media\/124359"}],"wp:attachment":[{"href":"https:\/\/www.cronacaonline.it\/index.php\/wp-json\/wp\/v2\/media?parent=258330"}],"wp:term":[{"taxonomy":"category","embeddable":true,"href":"https:\/\/www.cronacaonline.it\/index.php\/wp-json\/wp\/v2\/categories?post=258330"},{"taxonomy":"post_tag","embeddable":true,"href":"https:\/\/www.cronacaonline.it\/index.php\/wp-json\/wp\/v2\/tags?post=258330"}],"curies":[{"name":"wp","href":"https:\/\/api.w.org\/{rel}","templated":true}]}}