{"id":258295,"date":"2025-04-05T16:32:56","date_gmt":"2025-04-05T14:32:56","guid":{"rendered":"https:\/\/www.cronacaonline.it\/?p=258295"},"modified":"2025-04-05T16:32:59","modified_gmt":"2025-04-05T14:32:59","slug":"agritravel-2025-presentato-il-piano-strategico-per-valorizzare-i-borghi-certificati-della-sardegna-assessore-cuccureddu-rendiamo-lisola-un-punto-di-riferimento-delle-vacanze-slow","status":"publish","type":"post","link":"https:\/\/www.cronacaonline.it\/index.php\/2025\/04\/05\/agritravel-2025-presentato-il-piano-strategico-per-valorizzare-i-borghi-certificati-della-sardegna-assessore-cuccureddu-rendiamo-lisola-un-punto-di-riferimento-delle-vacanze-slow\/","title":{"rendered":"Agritravel 2025, presentato il piano strategico per valorizzare i borghi certificati della Sardegna. Assessore Cuccureddu, \u201crendiamo l\u2019Isola un punto di riferimento delle vacanze slow\u201d."},"content":{"rendered":"\n<p>Cagliari, 5 Apr 2025 - Presentato ufficialmente il piano strategico di valorizzazione e promozione della Rete dei Borghi certificati della Sardegna, con l\u2019obiettivo di integrare pienamente l\u2019Isola nel mercato internazionale del turismo nei borghi, settore in forte crescita. Lo ha fatto l\u2019assessore del Turismo, Franco Cuccureddu, nel corso di una conferenza stampa all\u2019interno dello stand della Regione Sardegna alla Fiera di Bergamo, in occasione della 10\u00aa edizione di Agritravel Expo, manifestazione internazionale dedicata al turismo slow e sostenibile.<\/p>\n\n\n\n<p>\u201cI nostri borghi rappresentano l\u2019anima autentica della Sardegna \u2013 ha dichiarato Cuccureddu \u2013 e con questo progetto vogliamo promuoverli come vere e proprie destinazioni turistiche sostenibili, capaci di attrarre un viaggiatore consapevole, interessato al patrimonio storico, culturale, enogastronomico e paesaggistico della nostra terra\u201d.<\/p>\n\n\n\n<p>Illustrata la fase transitoria del progetto, che riconosce attualmente 15 borghi gi\u00e0 certificati a livello nazionale e internazionale, tra cui Aggius, Bosa, Castelsardo, Atzara, Gavoi e Posada, suddivisi tra i \u201cBorghi pi\u00f9 belli d\u2019Italia\u201d e quelli con \u201cBandiera Arancione\u201d del Touring Club.<\/p>\n\n\n\n<p>\u201cL\u2019intento \u2013 ha aggiunto l\u2019esponente di Giunta \u2013 \u00e8 quello di costruire un sistema organizzato e qualificato che permetta ai nostri borghi di essere inseriti nelle principali fiere internazionali del turismo lento e culturale, grazie alla collaborazione con tour operator e partner istituzionali. La nostra partecipazione alla fiera, con uno stand dedicato e un fitto calendario di appuntamenti, si inserisce in una strategia pi\u00f9 ampia finalizzata alla costruzione di un'offerta turistica solida e riconoscibile, capace di posizionarsi con forza nel mercato internazionale. Un percorso che passa attraverso la certificazione dei Borghi, con l\u2019obiettivo di valorizzare il ruolo dei piccoli centri nello sviluppo di un turismo legato al patrimonio storico, culturale, identitario e paesaggistico, in stretta connessione con i Cammini e le Destinazioni di Pellegrinaggio\u201d.<\/p>\n\n\n\n<p>Il piano, come previsto dalla Legge Regionale sul Turismo (n. 16\/2017), prevede l\u2019attivazione di un comitato tecnico-scientifico incaricato di valutare le candidature dei comuni sulla base di una scheda di 64 criteri, distribuiti in sei macroaree: qualit\u00e0 architettonica, beni culturali, identit\u00e0 territoriale, sviluppo turistico, qualit\u00e0 ambientale e accoglienza.<\/p>\n\n\n\n<p>Presentata anche la quarta edizione di \u201cNoi camminiamo in Sardegna\u201d, in programma dal 1\u00b0 al 5 ottobre 2025. Ampio spazio \u00e8 stato dato al modello delle strutture ricettive che si ispirano al concetto di slow living, come il Monastero di San Pietro di Sorres, le Cumbessias e le Posadas. L\u2019appuntamento alla Fiera di Bergamo ha confermato il ruolo strategico della Sardegna nel panorama del turismo slow. Com<\/p>\n","protected":false},"excerpt":{"rendered":"<p>Cagliari, 5 Apr 2025 &#8211; Presentato ufficialmente il piano strategico di valorizzazione e promozione della Rete dei Borghi certificati della Sardegna, con l\u2019obiettivo di integrare&#8230;<\/p>\n","protected":false},"author":2,"featured_media":258296,"comment_status":"closed","ping_status":"open","sticky":false,"template":"","format":"standard","meta":[],"categories":[49,52],"tags":[],"_links":{"self":[{"href":"https:\/\/www.cronacaonline.it\/index.php\/wp-json\/wp\/v2\/posts\/258295"}],"collection":[{"href":"https:\/\/www.cronacaonline.it\/index.php\/wp-json\/wp\/v2\/posts"}],"about":[{"href":"https:\/\/www.cronacaonline.it\/index.php\/wp-json\/wp\/v2\/types\/post"}],"author":[{"embeddable":true,"href":"https:\/\/www.cronacaonline.it\/index.php\/wp-json\/wp\/v2\/users\/2"}],"replies":[{"embeddable":true,"href":"https:\/\/www.cronacaonline.it\/index.php\/wp-json\/wp\/v2\/comments?post=258295"}],"version-history":[{"count":1,"href":"https:\/\/www.cronacaonline.it\/index.php\/wp-json\/wp\/v2\/posts\/258295\/revisions"}],"predecessor-version":[{"id":258297,"href":"https:\/\/www.cronacaonline.it\/index.php\/wp-json\/wp\/v2\/posts\/258295\/revisions\/258297"}],"wp:featuredmedia":[{"embeddable":true,"href":"https:\/\/www.cronacaonline.it\/index.php\/wp-json\/wp\/v2\/media\/258296"}],"wp:attachment":[{"href":"https:\/\/www.cronacaonline.it\/index.php\/wp-json\/wp\/v2\/media?parent=258295"}],"wp:term":[{"taxonomy":"category","embeddable":true,"href":"https:\/\/www.cronacaonline.it\/index.php\/wp-json\/wp\/v2\/categories?post=258295"},{"taxonomy":"post_tag","embeddable":true,"href":"https:\/\/www.cronacaonline.it\/index.php\/wp-json\/wp\/v2\/tags?post=258295"}],"curies":[{"name":"wp","href":"https:\/\/api.w.org\/{rel}","templated":true}]}}