{"id":258202,"date":"2025-04-03T18:11:59","date_gmt":"2025-04-03T16:11:59","guid":{"rendered":"https:\/\/www.cronacaonline.it\/?p=258202"},"modified":"2025-04-03T18:12:01","modified_gmt":"2025-04-03T16:12:01","slug":"la-sardegna-a-verona-al-57mo-salone-internazionale-dei-vini-satta-orgogliosi-di-tornare-con-i-nostri-prodotti-e-di-partecipare-per-la-prima-volta-al-prestigioso-fuori-salone-vinita","status":"publish","type":"post","link":"https:\/\/www.cronacaonline.it\/index.php\/2025\/04\/03\/la-sardegna-a-verona-al-57mo-salone-internazionale-dei-vini-satta-orgogliosi-di-tornare-con-i-nostri-prodotti-e-di-partecipare-per-la-prima-volta-al-prestigioso-fuori-salone-vinita\/","title":{"rendered":"La Sardegna a Verona al 57mo salone internazionale dei vini. Satta: \u201corgogliosi di tornare con i nostri prodotti e di partecipare per la prima volta Al prestigioso fuori salone \u201cVinitaly and the city\u201d."},"content":{"rendered":"\n<p>Cagliari, 03 Apr 2025 - La Regione Sardegna debutta a Verona a \u201cVinitaly and the City\u201d, prestigioso evento che precede la 57\u00b0 edizione del Salone internazionale dei vini e distillati \u2013 Vinitaly. Dal 4 al 6 aprile, nello scenario di Cortile Mercato Vecchio, nello stand dedicato, i visitatori avranno l\u2019opportunit\u00e0 di scoprire l\u2019eccellenza enologica attraverso le degustazioni guidate da esperti sommelier, Wine Talk e Wine Speech condotti dalla Wine Specialist Sissi Baratella. \"Per la prima volta la Regione Sardegna partecipa al fuori-Salone \u201cVinitaly and the City\u201d, un appuntamento di straordinario rilievo che ci permette di portare la nostra cultura vitivinicola in una delle vetrine pi\u00f9 prestigiose del panorama enologico nazionale e internazionale - dichiara l\u2019assessore dell\u2019Agricoltura Gian Franco Satta - Con questa prima partecipazione all\u2019evento vogliamo lanciare un messaggio chiaro: la Sardegna c\u2019\u00e8, con i suoi vini, la sua storia e la sua visione di futuro\u201d.\u00a0<\/p>\n\n\n\n<p>I focus della partecipazione sarda al fuori salone durante i due Wine Talk \u201cBorn in Sardinia\u201d, in programma domenica alle 15 e alle 18:15 nella Lounge di Flover - Cortile Mercato Vecchio, saranno due dei vitigni autoctoni pi\u00f9 rappresentativi dell\u2019Isola: il Cannonau e il Vermentino, due espressioni identitarie della tradizione vitivinicola regionale e dei territori. L\u2019iniziativa, promossa dall\u2019Assessorato regionale dell\u2019Agricoltura e organizzata dall\u2019agenzia Laore Sardegna, anticipa la presenza a Vinitaly, dove la collettiva di 80 aziende regionali, provenienti dai vari territori dell\u2019Isola, sar\u00e0 protagonista nel Padiglione 8, dal 6 al 9 aprile a Verona.<\/p>\n\n\n\n<p>\u201cSiamo pronti a far conoscere e riconoscere sempre di pi\u00f9 il valore della nostra produzione vitivinicola \u2013 aggiunge Satta - con la consapevolezza che il vino sardo non \u00e8 solo un prodotto d\u2019eccellenza, ma il racconto autentico di una terra unica e della sua straordinaria capacit\u00e0 di esprimere qualit\u00e0, identit\u00e0 e innovazione\u201d.<\/p>\n\n\n\n<p>La Regione torna raccontare l\u2019eccellenza dei prodotti sardi, alla 57\u00b0 edizione del Salone internazionale dei vini e distillati \u2013 Vinitaly con un programma ricco di eventi: conferenze stampa, degustazioni guidate, masterclass, presentazioni di progetti in cui le parole d\u2019ordine saranno qualit\u00e0 e sostenibilit\u00e0. Tra le tematiche trattate gli abbinamenti tra le diverse tipologie di vini nostrani e i prodotti della tradizione casearia, dolciaria, della pesca e della salumeria dell\u2019Isola, a cura dall\u2019Assessorato dell\u2019Agricoltura e impreziosito dagli interventi di esperti, sommelier, giornalisti enogastronomici, produttori e food writer, la presentazione \u201cDiffusione e valorizzazione della viticoltura a piede franco in Sardegna\u201d a cura dell\u2019agenzia Laore Sardegna, l\u2019Universit\u00e0 degli Studi di Sassari con il dipartimento di Agraria, Assoenologi Sardegna, Associazione Italiana Sommelier - Sardegna, e con il patrocinio dell\u2019Accademia nazionale della vite e del vino, del Cervim, del comitato nazionale per la tutela del \u201cPiede Franco\u201d e delle Citt\u00e0 del vino. In programma tra gli altri anche il progetto \u201cCannonau: il vino giovane\u201d a cura dell\u2019agenzia Sardegna ricerche, in collaborazione con Assoenologi Sardegna, Vinoway, Iulm e Stevie Kim, gli approfondimenti sull\u2019enoturismo e la presenza di Gal e Consorzi.&nbsp;<\/p>\n\n\n\n<p>\u201cEssere presenti al Vinitaly rappresenta un segnale chiaro della volont\u00e0 di investire nella crescita del comparto vitivinicolo, un settore strategico per l\u2019economia agricola regionale. Il nostro impegno \u00e8 quello di creare pi\u00f9 opportunit\u00e0 per le aziende sarde, mettendo a loro disposizione strumenti e contesti adeguati a promuovere e valorizzare il loro lavoro - conclude l\u2019assessore Satta - la nostra presenza all\u2019evento non si esaurisce in una semplice vetrina promozionale, ma si inserisce in un pi\u00f9 ampio percorso di sviluppo, che punta a consolidare il posizionamento dei vini sardi sui mercati nazionali e internazionali, attraverso iniziative mirate e azioni strategiche di promozione\u201d. Un\u2019occasione per esplorare l\u2019Isola attraverso la qualit\u00e0 e le molteplici sfaccettature dei suoi vini, espressioni delle capacit\u00e0 dei produttori e di un ambiente unico. Com<\/p>\n","protected":false},"excerpt":{"rendered":"<p>Cagliari, 03 Apr 2025 &#8211; La Regione Sardegna debutta a Verona a \u201cVinitaly and the City\u201d, prestigioso evento che precede la 57\u00b0 edizione del Salone&#8230;<\/p>\n","protected":false},"author":2,"featured_media":247029,"comment_status":"closed","ping_status":"open","sticky":false,"template":"","format":"standard","meta":[],"categories":[49],"tags":[],"_links":{"self":[{"href":"https:\/\/www.cronacaonline.it\/index.php\/wp-json\/wp\/v2\/posts\/258202"}],"collection":[{"href":"https:\/\/www.cronacaonline.it\/index.php\/wp-json\/wp\/v2\/posts"}],"about":[{"href":"https:\/\/www.cronacaonline.it\/index.php\/wp-json\/wp\/v2\/types\/post"}],"author":[{"embeddable":true,"href":"https:\/\/www.cronacaonline.it\/index.php\/wp-json\/wp\/v2\/users\/2"}],"replies":[{"embeddable":true,"href":"https:\/\/www.cronacaonline.it\/index.php\/wp-json\/wp\/v2\/comments?post=258202"}],"version-history":[{"count":1,"href":"https:\/\/www.cronacaonline.it\/index.php\/wp-json\/wp\/v2\/posts\/258202\/revisions"}],"predecessor-version":[{"id":258203,"href":"https:\/\/www.cronacaonline.it\/index.php\/wp-json\/wp\/v2\/posts\/258202\/revisions\/258203"}],"wp:featuredmedia":[{"embeddable":true,"href":"https:\/\/www.cronacaonline.it\/index.php\/wp-json\/wp\/v2\/media\/247029"}],"wp:attachment":[{"href":"https:\/\/www.cronacaonline.it\/index.php\/wp-json\/wp\/v2\/media?parent=258202"}],"wp:term":[{"taxonomy":"category","embeddable":true,"href":"https:\/\/www.cronacaonline.it\/index.php\/wp-json\/wp\/v2\/categories?post=258202"},{"taxonomy":"post_tag","embeddable":true,"href":"https:\/\/www.cronacaonline.it\/index.php\/wp-json\/wp\/v2\/tags?post=258202"}],"curies":[{"name":"wp","href":"https:\/\/api.w.org\/{rel}","templated":true}]}}