{"id":258190,"date":"2025-04-03T15:28:09","date_gmt":"2025-04-03T13:28:09","guid":{"rendered":"https:\/\/www.cronacaonline.it\/?p=258190"},"modified":"2025-04-03T15:28:12","modified_gmt":"2025-04-03T13:28:12","slug":"il-coro-del-teatro-lirico-di-cagliari-si-esibisce-alla-passeggiata-coperta-del-bastione-di-saint-remy-per-linaugurazione-della-mostra-dedicata-a-enrico-berlinguer","status":"publish","type":"post","link":"https:\/\/www.cronacaonline.it\/index.php\/2025\/04\/03\/il-coro-del-teatro-lirico-di-cagliari-si-esibisce-alla-passeggiata-coperta-del-bastione-di-saint-remy-per-linaugurazione-della-mostra-dedicata-a-enrico-berlinguer\/","title":{"rendered":"Il Coro del Teatro Lirico di Cagliari si esibisce alla Passeggiata Coperta del Bastione di Saint Remy per l\u2019inaugurazione della mostra dedicata a Enrico Berlinguer."},"content":{"rendered":"\n<p>Cagliari, 3 Apr 2025 - Sabato 5 aprile alle 11 nella Passeggiata Coperta e Galleria dello Sperone del Bastione di Saint Remy di Cagliari, viene inaugurata la mostra \u201cI luoghi e le parole di Enrico Berlinguer\u201d, alla presenza di Massimo Zedda, sindaco di Cagliari, Ilaria Portas, assessora alla Pubblica istruzione, beni culturali, informazione, spettacolo e sport della Regione Autonoma della Sardegna, Maria Francesca Chiappe, assessora alla Cultura, spettacolo e turismo del Comune di Cagliari, Salvatore Cherchi, presidente della Fondazione Enrico Berlinguer.<\/p>\n\n\n\n<p>Il Coro del Teatro Lirico di Cagliari, diretto da Giovanni Andreoli, interpreta 4 celeberrime ed esemplari pagine musicali in omaggio al percorso personale e politico del grande statista sardo. Verranno eseguiti infatti: Inno nazionale italiano (Il Canto degli italiani di Goffredo Mameli e Michele Novaro), Inno europeo (An die Freude, su testo di Friedrich Schiller, dal quarto movimento \u201cFinale\u201d della Nona Sinfonia in re minore op. 125 di Ludwig van Beethoven), Inno della Regione sarda (Procurad\u2019e moderare di Francesco Ignazio Mannu), Bella ciao (canto popolare). L\u2019accompagnamento al pianoforte \u00e8 di Riccardo Pinna.<\/p>\n\n\n\n<p>La mostra \u201cI luoghi e le parole di Enrico Berlinguer\u201d \u00e8 aperta dal 5 aprile al 31 maggio, tutti i giorni, dalle 10 alle 20, con ingresso gratuito ed \u00e8 organizzata con il contributo della Regione Autonoma della Sardegna, il partenariato del Comune di Cagliari, con il patrocinio dell\u2019Universit\u00e0 degli Studi di Cagliari, in collaborazione con la Fondazione Gramsci, il Cespe e la Fondazione di Sardegna, la Societ\u00e0 Umanitaria, la Cineteca sarda, il Centro servizi culturali di Cagliari e con la gestione della cooperativa S\u00e9mata.<\/p>\n\n\n\n<p>L\u2019esposizione, ideata e organizzata dall\u2019Associazione Enrico Berlinguer, per la conservazione e valorizzazione del patrimonio culturale della sinistra italiana, con la collaborazione della Fondazione Gramsci e del Cespe, \u00e8 stata presentata a Roma al Mattatoio, Azienda Speciale Palaexpo, a Bologna al Museo Civico Archeologico e a Sassari al Padiglione dell\u2019artigianato \u201cEugenio Tavolara\u201d con grande successo di pubblico.<\/p>\n\n\n\n<p>La Fondazione Enrico Berlinguer propone la mostra ai sardi riadattandola alle esigenze degli spazi ospitanti e integrata con una nuova sezione dedicata al rapporto tra il leader del PCI e la sua terra natia.<\/p>\n\n\n\n<p>Enrico Berlinguer \u00e8 stato uno dei protagonisti della storia politica del Novecento, segretario del Partito Comunista Italiano dal 1972 al 1984, leader di rara caratura morale, radicato nel Paese reale e stimato dai suoi oppositori. Nella ricorrenza del quarantennale dalla morte, l\u2019obiettivo della mostra \u00e8 quello di contribuire a ripensare il lascito politico di Enrico Berlinguer ripercorrendone la biografia attraverso materiali originali audiovisivi, sonori, fotografici e documenti d\u2019archivio. Com<\/p>\n","protected":false},"excerpt":{"rendered":"<p>Cagliari, 3 Apr 2025 &#8211; Sabato 5 aprile alle 11 nella Passeggiata Coperta e Galleria dello Sperone del Bastione di Saint Remy di Cagliari, viene&#8230;<\/p>\n","protected":false},"author":2,"featured_media":209430,"comment_status":"closed","ping_status":"open","sticky":false,"template":"","format":"standard","meta":[],"categories":[49,54],"tags":[],"_links":{"self":[{"href":"https:\/\/www.cronacaonline.it\/index.php\/wp-json\/wp\/v2\/posts\/258190"}],"collection":[{"href":"https:\/\/www.cronacaonline.it\/index.php\/wp-json\/wp\/v2\/posts"}],"about":[{"href":"https:\/\/www.cronacaonline.it\/index.php\/wp-json\/wp\/v2\/types\/post"}],"author":[{"embeddable":true,"href":"https:\/\/www.cronacaonline.it\/index.php\/wp-json\/wp\/v2\/users\/2"}],"replies":[{"embeddable":true,"href":"https:\/\/www.cronacaonline.it\/index.php\/wp-json\/wp\/v2\/comments?post=258190"}],"version-history":[{"count":1,"href":"https:\/\/www.cronacaonline.it\/index.php\/wp-json\/wp\/v2\/posts\/258190\/revisions"}],"predecessor-version":[{"id":258191,"href":"https:\/\/www.cronacaonline.it\/index.php\/wp-json\/wp\/v2\/posts\/258190\/revisions\/258191"}],"wp:featuredmedia":[{"embeddable":true,"href":"https:\/\/www.cronacaonline.it\/index.php\/wp-json\/wp\/v2\/media\/209430"}],"wp:attachment":[{"href":"https:\/\/www.cronacaonline.it\/index.php\/wp-json\/wp\/v2\/media?parent=258190"}],"wp:term":[{"taxonomy":"category","embeddable":true,"href":"https:\/\/www.cronacaonline.it\/index.php\/wp-json\/wp\/v2\/categories?post=258190"},{"taxonomy":"post_tag","embeddable":true,"href":"https:\/\/www.cronacaonline.it\/index.php\/wp-json\/wp\/v2\/tags?post=258190"}],"curies":[{"name":"wp","href":"https:\/\/api.w.org\/{rel}","templated":true}]}}