{"id":258163,"date":"2025-04-02T15:43:27","date_gmt":"2025-04-02T13:43:27","guid":{"rendered":"https:\/\/www.cronacaonline.it\/?p=258163"},"modified":"2025-04-02T15:43:35","modified_gmt":"2025-04-02T13:43:35","slug":"258163","status":"publish","type":"post","link":"https:\/\/www.cronacaonline.it\/index.php\/2025\/04\/02\/258163\/","title":{"rendered":"(title)"},"content":{"rendered":"\n<p>Metamorphosis, parte da Cagliari il festival di architettura che vuole parlare anche ai non addetti ai lavori.<\/p>\n\n\n\n<p>Cagliari, 2 Apr 2025 - L'Exma come prima tappa, e quasi in contemporanea appuntamenti a Bari, Arte Sella in Trentino e alla Milano Design Week. Poi NewYork, Tirana, Copenaghen, Santo Domingo e Arcosanti, in Arizona. Ma \u00e8 Cagliari il punto di partenza di Metamorphosis, festival che vuole raccontare l'architettura in continua trasformazione, influenzata dalle sfide ambientali, dalle innovazioni tecnologiche e dalla necessit\u00e0 di ripensare gli spazi in cui si vive.<\/p>\n\n\n\n<p>Presentato oggi, il festival \u2013 che a Cagliari avr\u00e0 come titolo \u201cFuturi in dialogo-Idee, scelte e visioni per scenari sostenibili e innovativi\u201d \u2013 si svolger\u00e0 da domani, gioved\u00ec 3 aprile, sino a domenica negli spazi dell'Exma, in via San Lucifero: \u201cL'obiettivo\u201d, spiegano Benedetta Medas e Chiara Sonzogni, dell'associazione Green Hub, tra le curatrici dell'evento, \u201cnon \u00e8 quello di parlare agli architetti, ma a un pubblico pi\u00f9 ampio. I contenuti scientifici sono diversi, ancora di pi\u00f9 quelli divulgativi: abbiamo davanti sfide che devono essere affrontate da diversi punti di vista, con consapevolezza\u201d.<\/p>\n\n\n\n<p>La scelta di Cagliari come tappa di partenza del festival non \u00e8 un caso anche in questo senso: \u201cUna citt\u00e0 al centro del Mediterraneo, un territorio costiero\u201d, sottolineano, \u201cun luogo significativo per affrontare gli effetti del cambiamento climatico. Ed \u00e8 importante iniziare a ragionare di nuove architetture anche al di l\u00e0 dei luoghi tradizionalmente riconosciuti come culle dell'architettura stessa: sono numerosi gli ospiti internazionali che hanno voluto essere presenti fisicamente proprio per questo motivo: tra gli altri, Pedro Bandeira, che sar\u00e0 il curatore del padiglione del Portogallo alla prossima Biennale di Venezia, in programma tra poco pi\u00f9 di un mese\u201d.<\/p>\n\n\n\n<p>\u201cSiamo orgogliosi di ospitare Metamorphosis a Cagliari\u201d, ribadisce l'assessore alla Pianificazione strategica, urbanistica e ambientale Matteo Lecis Cocco Ortu dopo i saluti dell'assessora alla Cultura Maria Francesca Chiappe, \u201cperch\u00e9 entriamo in una rete che arriver\u00e0 a New York, Copenaghen, Londra, Tirana, Santo Domingo. Sono relazioni importanti, con al centro una serie di attivit\u00e0 per ragionare su citt\u00e0 e contemporaneit\u00e0, sull'importanza delle politiche per recuperare e rivitalizzare luoghi e spazi\u201d.<\/p>\n\n\n\n<p>\u201cLa scelta di Cagliari\u201d, commenta la presidente della commissione Cultura Marta Mereu, \u201c\u00e8 una promozione della citt\u00e0 per l'abitare ma anche e soprattutto come luogo in cui si pu\u00f2 lavorare e crescere anche professionalmente: la sfida di discutere di temi che sembrano distanti, dallo spazio ai cambiamenti climatici, va in questa direzione\u201d.<\/p>\n\n\n\n<p>Il festival, patrocinato dalla Regione Sardegna e dal Comune di Cagliari, \u00e8 sostenuto da Festival Architettura \u2013 Edizione 3 ed \u00e8 promosso dalla Direzione Generale Creativit\u00e0 Contemporanea del Ministero della Cultura. Al link in basso il programma degli appuntamenti. Com<\/p>\n","protected":false},"excerpt":{"rendered":"<p>Metamorphosis, parte da Cagliari il festival di architettura che vuole parlare anche ai non addetti ai lavori. Cagliari, 2 Apr 2025 &#8211; L&#8217;Exma come prima&#8230;<\/p>\n","protected":false},"author":2,"featured_media":258164,"comment_status":"closed","ping_status":"open","sticky":false,"template":"","format":"standard","meta":[],"categories":[49,53],"tags":[],"_links":{"self":[{"href":"https:\/\/www.cronacaonline.it\/index.php\/wp-json\/wp\/v2\/posts\/258163"}],"collection":[{"href":"https:\/\/www.cronacaonline.it\/index.php\/wp-json\/wp\/v2\/posts"}],"about":[{"href":"https:\/\/www.cronacaonline.it\/index.php\/wp-json\/wp\/v2\/types\/post"}],"author":[{"embeddable":true,"href":"https:\/\/www.cronacaonline.it\/index.php\/wp-json\/wp\/v2\/users\/2"}],"replies":[{"embeddable":true,"href":"https:\/\/www.cronacaonline.it\/index.php\/wp-json\/wp\/v2\/comments?post=258163"}],"version-history":[{"count":1,"href":"https:\/\/www.cronacaonline.it\/index.php\/wp-json\/wp\/v2\/posts\/258163\/revisions"}],"predecessor-version":[{"id":258165,"href":"https:\/\/www.cronacaonline.it\/index.php\/wp-json\/wp\/v2\/posts\/258163\/revisions\/258165"}],"wp:featuredmedia":[{"embeddable":true,"href":"https:\/\/www.cronacaonline.it\/index.php\/wp-json\/wp\/v2\/media\/258164"}],"wp:attachment":[{"href":"https:\/\/www.cronacaonline.it\/index.php\/wp-json\/wp\/v2\/media?parent=258163"}],"wp:term":[{"taxonomy":"category","embeddable":true,"href":"https:\/\/www.cronacaonline.it\/index.php\/wp-json\/wp\/v2\/categories?post=258163"},{"taxonomy":"post_tag","embeddable":true,"href":"https:\/\/www.cronacaonline.it\/index.php\/wp-json\/wp\/v2\/tags?post=258163"}],"curies":[{"name":"wp","href":"https:\/\/api.w.org\/{rel}","templated":true}]}}